{"id":104269,"date":"2012-11-23T10:33:12","date_gmt":"2012-11-23T10:33:12","guid":{"rendered":"http:\/\/www.fuldaer-nachrichten.de\/?p=104269"},"modified":"2012-11-23T10:33:12","modified_gmt":"2012-11-23T10:33:12","slug":"ostheimer-erlebnis-weihnachtsmarkt-funkelt-am-ersten-adventswochenende-in-vorweihnachtlichem-glanz","status":"publish","type":"post","link":"https:\/\/www.fuldaernachrichten.de\/?p=104269","title":{"rendered":"Ostheimer Erlebnis-Weihnachtsmarkt funkelt am ersten Adventswochenende in vorweihnachtlichem Glanz"},"content":{"rendered":"<p><img fetchpriority=\"high\" decoding=\"async\" class=\"alignleft size-thumbnail wp-image-104271\" title=\"OsthWeihnachtsmarkt_Leute_Presse\" src=\"http:\/\/www.fuldaer-nachrichten.de\/wp-content\/uploads\/2012\/11\/OsthWeihnachtsmarkt_Leute_Presse-265x200.jpg\" alt=\"\" width=\"265\" height=\"200\" srcset=\"https:\/\/www.fuldaernachrichten.de\/wp-content\/uploads\/2012\/11\/OsthWeihnachtsmarkt_Leute_Presse-265x200.jpg 265w, https:\/\/www.fuldaernachrichten.de\/wp-content\/uploads\/2012\/11\/OsthWeihnachtsmarkt_Leute_Presse.jpg 600w\" sizes=\"(max-width: 265px) 100vw, 265px\" \/>Ostheim. F\u00fcr vorweihnachtliche Stimmung sorgt am ersten Adventswochenende wieder der Ostheimer Erlebnis-Weihnachtsmarkt. Zu F\u00fc\u00dfen der malerischen Kirchenburg laden Budenzauber mit Schlemmereien, die festlich geschm\u00fcckte Markthalle mit vielerlei Geschenkideen sowie ein abwechslungsreiches Musik- und Unterhaltungsprogramm von Formationen aus der Rh\u00f6n und weiter her.<!--more--><\/p>\n<p><strong><span style=\"text-decoration: underline;\">Illuminations-Show und Christmas-Rock am Samstag<\/span><\/strong><\/p>\n<p>Am Samstag, 01. Dezember, ist der Markt von 11:30 bis 22:00 Uhr ge\u00f6ffnet, am Sonntag, 02. Dezember, von 11:00 bis 18:00 Uhr. Neben den rund 40 Ausstellern aus Handel, Handwerk, Gewerbe und sozialen Einrichtungen sorgt auch das Kulturprogramm f\u00fcr einen stimmungsvollen Auftakt in die Weihnachtszeit. Unterm funkelnden Sternenzelt, der liebevoll geschm\u00fcckten B\u00fchne im Schl\u00f6sschen, er\u00f6ffnet das Christkind mit seiner Engelsschar den diesj\u00e4hrigen Ostheimer Erlebnis-Weihnachtsmarkt am Samstag um 13:30 Uhr, musikalisch begleitet von der Stadtkapelle Ostheim. Zu den H\u00f6hepunkten am Samstag z\u00e4hlen am Nachmittag eine Weihnachtsrevue des Ballett- und Tanzzentrums Balance aus Meiningen und der Herschekloas mit Knecht Ruprecht im Gefolge. Auf die Sandberger Musikanten folgt ab 19.30 Uhr eine spektakul\u00e4re LED-Illuminations-Show der K\u00fcnstlergruppe Firlefanz aus Schweinfurt. Mit \u201eJochen und die Jungs\u201c, einer Rh\u00f6ner Band, klingt der Samstagabend mit sanftem Christmas Rock aus.<\/p>\n<p><strong><span style=\"text-decoration: underline;\">Finale mit Tino\u00e2\u20ac\u2122s Dance World und Wunderkerzen am Sonntag<\/span><\/strong><\/p>\n<p>Am Sonntag, dem ersten Advent, sorgt der Ostheimer Erlebnis-Weihnachtsmarkt mit musizierenden Weihnachtsm\u00e4nnern, Musikvereinen, Posaunenchor, den Alphornbl\u00e4sern Geisa sowie als besonderem Gast Falkner Hans D\u00f6hrer mit seinen gefiederten Freunden f\u00fcr Kurzweil. Beeindruckende Choreografien zeigt am Nachmittag Tino\u00e2\u20ac\u2122s Dance World aus Bad Neustadt. \u00c2\u00a0Weiterhin schauen wieder Christkind mitsamt Engelsschar und der Herschekloas vorbei, bevor der Musikverein Hollstadt zum festlichen Ausklang einl\u00e4dt. Den kr\u00f6nenden Schlusspunkt unter den diesj\u00e4hrigen Ostheimer Erlebnis-Weihnachtsmarkt setzt wieder der funkelnde Wunderkerzen-Zauber.<\/p>\n<p><strong><span style=\"text-decoration: underline;\">Basteleien und Modelleisenbahn<\/span><\/strong><\/p>\n<p>An beiden Tagen l\u00e4dt der Kindergarten Ostheim zudem auf der B\u00fchne in der Markthalle von 13:00 bis 16:00 Uhr zum Basteln ein. Im Rathaussaal drehen Modelleisenbahnen und Modelltrucks ihre Runden.<\/p>\n<p><strong><span style=\"text-decoration: underline;\">Schlemmereien f\u00fcr jeden Geschmack<\/span><\/strong><\/p>\n<p>Zur St\u00e4rkung gibt es beim Ostheimer Erlebnis-Weihnachtsmarkt wieder Herzhaftes wie Bratwurst, Gyros- und Gulaschsuppe, f\u00fcr Leckerm\u00e4uler u.a. Pl\u00e4tzchen, Waffeln in allen Variationen und die traditionellen Ostheimer Lebkuchenfiguren \u201eDogge on Reutter\u201c.<\/p>\n<p><strong><span style=\"text-decoration: underline;\">Geschenk-Gutschein und Christmas Shopping-Night<\/span><\/strong><\/p>\n<p>Weitere Gelegenheit zum Bummeln und Geschenke-Kauf bietet die erste lange Ostheimer Einkaufsnacht am Freitag, den <strong>07. Dezember<\/strong>, bis 22:00 Uhr. F\u00fcr die musikalische Umrahmung sorgt die Stadtkapelle Ostheim und zur St\u00e4rkung laden neben der Gastronomie auch einige weihnachtlich geschm\u00fcckte Buden entlang der Marktstra\u00dfe ein. Erh\u00e4ltlich ist in vielen Ostheimer Gesch\u00e4ften seit kurzem auch der beliebte <strong>Ostheimer Geschenk-Gutschein.<\/strong><\/p>\n<p>Mit dem Eintritt von 1,- EURO (Kinder und Jugendliche bis 14 Jahre frei) wird das Musik- und Kulturprogramm, das der Gewerbeverein gemeinsam mit Stadt, Fremdenverkehrsverein sowie tatkr\u00e4ftiger Unterst\u00fctzung durch Feuerwehr und viele ehrenamtliche Helfer auf die Beine stellt, finanziert. Weitere Informationen bei der Tourist-Info Ostheim, Kirchstr. 14, 97645 Ostheim, Tel. 09777 18 50, email: <a href=\"mailto:tourismus@ostheim.de\">tourismus@ostheim.de<\/a>, <a href=\"http:\/\/www.ostheim-rhoen.de\">www.ostheim-rhoen.de<\/a><\/p>\n","protected":false},"excerpt":{"rendered":"<div class=\"tmnf_excerpt\"><p>Ostheim. F\u00fcr vorweihnachtliche Stimmung sorgt am ersten Adventswochenende wieder der Ostheimer Erlebnis-Weihnachtsmarkt. Zu F\u00fc\u00dfen der malerischen Kirchenburg laden Budenzauber mit Schlemmereien, die festlich geschm\u00fcckte Markthalle mit vielerlei Geschenkideen sowie ein abwechslungsreiches Musik- und Unterhaltungsprogramm von Formationen aus der Rh\u00f6n und weiter her.<\/p>\n<\/div>","protected":false},"author":1,"featured_media":0,"comment_status":"closed","ping_status":"closed","sticky":false,"template":"","format":"standard","meta":{"footnotes":""},"categories":[1,44],"tags":[],"class_list":["post-104269","post","type-post","status-publish","format-standard","hentry","category-startseite","category-kultur"],"_links":{"self":[{"href":"https:\/\/www.fuldaernachrichten.de\/index.php?rest_route=\/wp\/v2\/posts\/104269","targetHints":{"allow":["GET"]}}],"collection":[{"href":"https:\/\/www.fuldaernachrichten.de\/index.php?rest_route=\/wp\/v2\/posts"}],"about":[{"href":"https:\/\/www.fuldaernachrichten.de\/index.php?rest_route=\/wp\/v2\/types\/post"}],"author":[{"embeddable":true,"href":"https:\/\/www.fuldaernachrichten.de\/index.php?rest_route=\/wp\/v2\/users\/1"}],"replies":[{"embeddable":true,"href":"https:\/\/www.fuldaernachrichten.de\/index.php?rest_route=%2Fwp%2Fv2%2Fcomments&post=104269"}],"version-history":[{"count":0,"href":"https:\/\/www.fuldaernachrichten.de\/index.php?rest_route=\/wp\/v2\/posts\/104269\/revisions"}],"wp:attachment":[{"href":"https:\/\/www.fuldaernachrichten.de\/index.php?rest_route=%2Fwp%2Fv2%2Fmedia&parent=104269"}],"wp:term":[{"taxonomy":"category","embeddable":true,"href":"https:\/\/www.fuldaernachrichten.de\/index.php?rest_route=%2Fwp%2Fv2%2Fcategories&post=104269"},{"taxonomy":"post_tag","embeddable":true,"href":"https:\/\/www.fuldaernachrichten.de\/index.php?rest_route=%2Fwp%2Fv2%2Ftags&post=104269"}],"curies":[{"name":"wp","href":"https:\/\/api.w.org\/{rel}","templated":true}]}}