{"id":104268,"date":"2012-11-23T10:31:25","date_gmt":"2012-11-23T10:31:25","guid":{"rendered":"http:\/\/www.fuldaer-nachrichten.de\/?p=104268"},"modified":"2012-11-23T10:31:25","modified_gmt":"2012-11-23T10:31:25","slug":"standortmarketing-kennzeichen-fd-fur-die-gesamte-region-fulda-beibehalten","status":"publish","type":"post","link":"https:\/\/www.fuldaernachrichten.de\/?p=104268","title":{"rendered":"Standortmarketing: &#8220;Kennzeichen FD f\u00fcr die gesamte Region Fulda beibehalten&#8221;"},"content":{"rendered":"<p><strong><em><\/em><\/strong>Fulda. Seit knapp drei Jahren betreibt das Regionale Standortmarketing die Markenkampagne Region Fulda. Inzwischen identifizieren sich immer mehr B\u00fcrger und Unternehmen mit der Marke Fulda, die mit einem bunten FD-Zeichen in Anlehnung an das FD-Kennzeichen visualisiert wird. Im Rahmen ihres j\u00fcngsten Treffens haben die Mitglieder der Leitungsgruppe des Standortmarketings: Oberb\u00fcrgermeister Gerhard M\u00f6ller, Landrat Bernd Woide und IHK-Pr\u00e4sident Bernhard Juchheim einen Grundsatzbeschluss formuliert, in dem die eventuelle Wiedereinf\u00fchrung fr\u00fcherer\u00c2\u00a0 Kfz-Kennzeichen neben FD aus marketingtechnischen Gesichtspunkten als R\u00fcckschritt bezeichnet wird. Dar\u00fcber hinaus hat die Industrie- und Handelskammer Fulda im Rahmen ihrer j\u00fcngsten Vollversammlung sich in einem Beschluss, gegen die Wiedereinf\u00fchrung eines Kennzeichens H\u00dcN ausgesprochen.<!--more--><\/p>\n<p><strong>Keine Aufsplitterung<\/strong><\/p>\n<p>Der Landkreis Fulda, so die Verantwortlichen des Standortmarketings, \u00c2\u00a0zeichne sich durch eine hochgradige Homogenit\u00e4t der Strukturen von beh\u00f6rdlichen und wirtschaftlichen Einrichtungen aus. Das unterscheide ihn auch von den \u00fcbrigen hessischen Landkreisen und Regionen. So sei es folgerichtig gewesen, dass der Landkreis Fulda sich als eigenst\u00e4ndige Region begreife und als solche auch seit vielen Jahren nach au\u00dfen auftrete.<\/p>\n<p>Gegen\u00fcber anderen Regionen wie Mittelhessen, Nordhessen und Rhein-Main sei der Landkreis die bei weitem kleinste Region. Eine weitere Aufsplitterung der Region Fulda mache vor diesem Hintergrund keinen Sinn.<\/p>\n<p><strong>FD-Kennzeichen als Marke<\/strong><\/p>\n<p>Aus diesem Grund sei es folgerichtig gewesen, den Standortmarketingprozess vor drei Jahren in eine Markenbildung m\u00fcnden zu lassen. Stadt und Landkreis und Industrie- und Handelskammer Fulda h\u00e4tten einen nicht unerheblichen Betrag investiert und die renommierte Brandmeyer Markenberatung mit der empirischen Untersuchung von Markenbausteinen beauftragt. Basierend auf den repr\u00e4sentativ analysierten Markentreibern wurde das Markenkonzept Region Fulda mit dem FD-Kennzeichen als visueller Klammer entwickelt. Das FD-Kennzeichen stehe mittlerweile f\u00fcr wirtschaftliche St\u00e4rke, f\u00fcr Lebensqualit\u00e4t und sichere Arbeitspl\u00e4tze und werde im Konzert der hessischen Regionen wahrgenommen. Es sei zudem ein wesentlicher Bestandteil im Wettbewerb der Regionen um Einwohner, Fachkr\u00e4fte und Unternehmen. Die Einf\u00fchrung weiterer\u00c2\u00a0 Autokennzeichen w\u00e4re f\u00fcr den Markenbildungsprozess nicht nur ein R\u00fcckschritt, sondern k\u00f6nne ihm auch schaden.<\/p>\n<p><strong>Gemeinsames Marketingdach<\/strong><\/p>\n<p>Es sei eine der gro\u00dfen Leistungen des Regionalen Standortmarketings in den vergangenen 13 Jahren, so die Verantwortlichen weiter, alle wirtschaftlich, politisch und gesellschaftlich relevanten Kr\u00e4fte auf ein gemeinsames Ziel, n\u00e4mlich die St\u00e4rkung der Region Fulda, gebietsidentisch mit dem Landkreis Fulda, zu vereinen. Alle St\u00e4dte und Gemeinden h\u00e4tten sich hier eingebracht. Die Markenkampagne nutze der gesamten Region.<\/p>\n<p>Alle 23 St\u00e4dte und Gemeinden k\u00f6nnten von dem gemeinsamen Marketingdach profitieren. Nunmehr stehe die Wirtschaftsf\u00f6rderung der Region Fulda vor gro\u00dfen Aufgaben, bei der Bew\u00e4ltigung des drohenden Fachkr\u00e4ftemangels. Das Fachkr\u00e4ftemarketing sei ein zentrales Element der Markenkampagne. Die Schlagkraft der Region als Gesamtheit sei insbesondere bei der Ansprache von Bewerbern von au\u00dferhalb ungleich h\u00f6her, als die einzelner Kommunen oder Teile des Landkreises.<\/p>\n<p>Aus diesen Gr\u00fcnden sollte der Zusammenhalt der Region Fulda auch weiterhin durch ein gemeinsames Kfz-Kennzeichen zum Ausdruck kommen.<\/p>\n<p>&nbsp;<\/p>\n","protected":false},"excerpt":{"rendered":"<div class=\"tmnf_excerpt\"><p>Fulda. Seit knapp drei Jahren betreibt das Regionale Standortmarketing die Markenkampagne Region Fulda. Inzwischen identifizieren sich immer mehr B\u00fcrger und Unternehmen mit der Marke Fulda, die mit einem bunten FD-Zeichen in Anlehnung an das FD-Kennzeichen visualisiert wird. Im Rahmen ihres j\u00fcngsten Treffens haben die Mitglieder der Leitungsgruppe des Standortmarketings: Oberb\u00fcrgermeister Gerhard M\u00f6ller, Landrat Bernd Woide &hellip;<\/p>\n<\/div>","protected":false},"author":1,"featured_media":0,"comment_status":"closed","ping_status":"closed","sticky":false,"template":"","format":"standard","meta":{"footnotes":""},"categories":[1,35,29],"tags":[],"class_list":["post-104268","post","type-post","status-publish","format-standard","hentry","category-startseite","category-auto","category-politik"],"_links":{"self":[{"href":"https:\/\/www.fuldaernachrichten.de\/index.php?rest_route=\/wp\/v2\/posts\/104268","targetHints":{"allow":["GET"]}}],"collection":[{"href":"https:\/\/www.fuldaernachrichten.de\/index.php?rest_route=\/wp\/v2\/posts"}],"about":[{"href":"https:\/\/www.fuldaernachrichten.de\/index.php?rest_route=\/wp\/v2\/types\/post"}],"author":[{"embeddable":true,"href":"https:\/\/www.fuldaernachrichten.de\/index.php?rest_route=\/wp\/v2\/users\/1"}],"replies":[{"embeddable":true,"href":"https:\/\/www.fuldaernachrichten.de\/index.php?rest_route=%2Fwp%2Fv2%2Fcomments&post=104268"}],"version-history":[{"count":0,"href":"https:\/\/www.fuldaernachrichten.de\/index.php?rest_route=\/wp\/v2\/posts\/104268\/revisions"}],"wp:attachment":[{"href":"https:\/\/www.fuldaernachrichten.de\/index.php?rest_route=%2Fwp%2Fv2%2Fmedia&parent=104268"}],"wp:term":[{"taxonomy":"category","embeddable":true,"href":"https:\/\/www.fuldaernachrichten.de\/index.php?rest_route=%2Fwp%2Fv2%2Fcategories&post=104268"},{"taxonomy":"post_tag","embeddable":true,"href":"https:\/\/www.fuldaernachrichten.de\/index.php?rest_route=%2Fwp%2Fv2%2Ftags&post=104268"}],"curies":[{"name":"wp","href":"https:\/\/api.w.org\/{rel}","templated":true}]}}