{"id":104263,"date":"2012-11-23T00:12:21","date_gmt":"2012-11-23T00:12:21","guid":{"rendered":"http:\/\/www.fuldaer-nachrichten.de\/?p=104263"},"modified":"2012-11-22T12:31:50","modified_gmt":"2012-11-22T12:31:50","slug":"fuldaer-freundeskreis-st-bonifatius-beschaftigt-sich-mit-der-situation-der-kirche","status":"publish","type":"post","link":"https:\/\/www.fuldaernachrichten.de\/?p=104263","title":{"rendered":"Fuldaer Freundeskreis St. Bonifatius besch\u00e4ftigt sich mit der Situation der Kirche"},"content":{"rendered":"<p>Fulda (dk). Die Mitglieder des Fuldaer Freundeskreises St. Bonifatius besch\u00e4ftigten sich bei ihrer j\u00fcngsten Versammlung mit der Situation der Kirche allgemein und mit der Ausbildung k\u00fcnftiger Priester. Pr\u00e4lat Hermann M\u00fchl stimmte in seinem Beitrag nicht in das oft geh\u00f6rte Wehklagen ein, das lautet: Mit der Kirche geht es best\u00e4ndig bergab. Der langj\u00e4hrige Fuldaer Domkapitular meinte, jedem Niedergang in der Kirche folge ein Aufschwung. Zur\u00fcckhaltend sei er, wenn es darum gehe, wie ein k\u00fcnftiger Aufschwung auszusehen habe. Sicher sei jedoch ,,f\u00fcr alle Zeit&#8221;, so Pr\u00e4lat M\u00fchl: ,,Gott sorgt f\u00fcr uns.\u201c R\u00fcckblickend stellte er fest, dass krisenhafte Situationen in der Kirche stets durch neue geistliche Bewegungen \u00fcberwunden worden seien und f\u00fcr eine erneute Lebendigkeit in der Kirche gesorgt h\u00e4tten.<!--more--><br \/>\nGefragt, wie die Ausbildung von M\u00e4nnern f\u00fcr das Priesteramt erfolge, sagte Regens Professor Cornelius Roth: ,,Ein Mann muss sich bei seiner Anmeldung im Seminar nicht sofort verpflichten, Priester zu werden.\u201c Die Entscheidung reife im Laufe der Zeit. Der Leiter der Ausbildungsst\u00e4tte f\u00fcr Priester in der Bischofsstadt bezeichnete ,,das Seminar als Ort f\u00fcr die M\u00e4nner, ihre Berufung zu pr\u00fcfen\u201c.<\/p>\n<p>Zu Beginn der Veranstaltung im Parkhotel Kolpinghaus Fulda zeigte sich der Pr\u00e4sident des Freundeskreises St. Bonifatius ,,entt\u00e4uscht \u00fcber meine CDU\u201c. Winfried Rippert, der 27 Jahre der CDU-Fraktion im hessischen Landtag angeh\u00f6rt hatte, beklagte, dass das Christliche in der Partei zu kurz komme, ,,im Gegensatz zu der Christlich-Sozialen Union in Bayern\u201c. Rippert nannte das beschlossene Betreuungsgeld f\u00fcr Eltern, die ihre Kinder bis zum dritten Lebensjahr in der Familie betreuen, ,,richtig&#8221;. Selbst in der CDU gebe es dazu kritische Stimmen, obwohl damit die Wahlfreiheit f\u00fcr Eltern gest\u00e4rkt werde. ,,Wir m\u00fcssen uns in dieser Frage selbstbewusst in der \u00d6ffentlichkeit zu Wort melden, um an das Erziehungsrecht der Eltern zu erinnern\u201c, rief Rippert die Mitglieder des Freundeskreises St. Bonifatius auf.<\/p>\n<p>Der Freundeskreis unterst\u00fctzt finanziell internationale und lokale soziale und kirchliche Projekte, bei Exkursionen werden die Heimat erkundet sowie Freundschaften im Ausland gepflegt. Vortr\u00e4ge zu kirchlichen, geschichtlichen und gesellschaftlichen Themen erm\u00f6glichen engagierte Diskussionen.<\/p>\n","protected":false},"excerpt":{"rendered":"<div class=\"tmnf_excerpt\"><p>Fulda (dk). Die Mitglieder des Fuldaer Freundeskreises St. Bonifatius besch\u00e4ftigten sich bei ihrer j\u00fcngsten Versammlung mit der Situation der Kirche allgemein und mit der Ausbildung k\u00fcnftiger Priester. Pr\u00e4lat Hermann M\u00fchl stimmte in seinem Beitrag nicht in das oft geh\u00f6rte Wehklagen ein, das lautet: Mit der Kirche geht es best\u00e4ndig bergab. Der langj\u00e4hrige Fuldaer Domkapitular meinte, &hellip;<\/p>\n<\/div>","protected":false},"author":1,"featured_media":0,"comment_status":"closed","ping_status":"closed","sticky":false,"template":"","format":"standard","meta":{"footnotes":""},"categories":[1,50],"tags":[],"class_list":["post-104263","post","type-post","status-publish","format-standard","hentry","category-startseite","category-kirche"],"_links":{"self":[{"href":"https:\/\/www.fuldaernachrichten.de\/index.php?rest_route=\/wp\/v2\/posts\/104263","targetHints":{"allow":["GET"]}}],"collection":[{"href":"https:\/\/www.fuldaernachrichten.de\/index.php?rest_route=\/wp\/v2\/posts"}],"about":[{"href":"https:\/\/www.fuldaernachrichten.de\/index.php?rest_route=\/wp\/v2\/types\/post"}],"author":[{"embeddable":true,"href":"https:\/\/www.fuldaernachrichten.de\/index.php?rest_route=\/wp\/v2\/users\/1"}],"replies":[{"embeddable":true,"href":"https:\/\/www.fuldaernachrichten.de\/index.php?rest_route=%2Fwp%2Fv2%2Fcomments&post=104263"}],"version-history":[{"count":0,"href":"https:\/\/www.fuldaernachrichten.de\/index.php?rest_route=\/wp\/v2\/posts\/104263\/revisions"}],"wp:attachment":[{"href":"https:\/\/www.fuldaernachrichten.de\/index.php?rest_route=%2Fwp%2Fv2%2Fmedia&parent=104263"}],"wp:term":[{"taxonomy":"category","embeddable":true,"href":"https:\/\/www.fuldaernachrichten.de\/index.php?rest_route=%2Fwp%2Fv2%2Fcategories&post=104263"},{"taxonomy":"post_tag","embeddable":true,"href":"https:\/\/www.fuldaernachrichten.de\/index.php?rest_route=%2Fwp%2Fv2%2Ftags&post=104263"}],"curies":[{"name":"wp","href":"https:\/\/api.w.org\/{rel}","templated":true}]}}