{"id":104261,"date":"2012-11-23T00:14:12","date_gmt":"2012-11-23T00:14:12","guid":{"rendered":"http:\/\/www.fuldaer-nachrichten.de\/?p=104261"},"modified":"2012-11-22T12:30:06","modified_gmt":"2012-11-22T12:30:06","slug":"runder-tisch-gewaltschutz-beleuchtete-statistik-landrat-gorig-gewalt-ist-keine-privatsache","status":"publish","type":"post","link":"https:\/\/www.fuldaernachrichten.de\/?p=104261","title":{"rendered":"Runder Tisch Gewaltschutz beleuchtete Statistik \u2013 Landrat G\u00f6rig: \u201eGewalt ist keine Privatsache\u201c"},"content":{"rendered":"<p><img decoding=\"async\" class=\"alignleft size-thumbnail wp-image-104262\" title=\"Gewaltschutztag2012\" src=\"http:\/\/www.fuldaer-nachrichten.de\/wp-content\/uploads\/2012\/11\/Gewaltschutztag2012-265x180.jpg\" alt=\"\" width=\"265\" height=\"180\" srcset=\"https:\/\/www.fuldaernachrichten.de\/wp-content\/uploads\/2012\/11\/Gewaltschutztag2012-265x180.jpg 265w, https:\/\/www.fuldaernachrichten.de\/wp-content\/uploads\/2012\/11\/Gewaltschutztag2012.jpg 600w\" sizes=\"(max-width: 265px) 100vw, 265px\" \/>Vogelsbergkreis. Am 25. November ist der \u201eInternationale Gewaltschutztag\u201c. Landrat Manfred G\u00f6rig, die Polizei und das Familienb\u00fcndnis unterst\u00fctzen erneut die internationale Aktion von \u201eTerre des Femmes\u201c und der Vereinten Nationen: Vor dem Kreishaus in Lauterbach weht die blaue Fahne mit der Aufschrift: \u201eNein zu Gewalt an Frauen \u2013 Frei leben ohne Gewalt\u201c. F\u00fcr den Landrat ist es wichtig, h\u00e4usliche Gewalt noch weiter aus der Tabuzone zu holen. Anl\u00e4sslich des Gewaltschutztages kam der \u201eRunde Tisch Gewaltschutz\u201c \u2013 eine Zusammenkunft von Fachleuten, die bereits seit 2003 im Kreishaus wirkt \u2013 vor einigen Tagen gemeinsam mit dem Handlungsfeld \u201eGewaltpr\u00e4vention\u201c zusammen. G\u00f6rig lobte die Initiative der damaligen Gleichstellungsbeauftragten Sylke Emmermann, die vor neun Jahren den Runden Tisch Gewaltschutz mit initiiert hatte. Kreisverwaltung, Polizei, s\u00e4mtliche Beratungseinrichtungen sowie Staatsanwaltschaft und die Gerichtsbarkeit arbeiten hier zusammen.<!--more--><\/p>\n<p>\u201eDas, was hinter der Wohnungst\u00fcr an h\u00e4uslichen Gewalttaten passiert, ist nicht Privatsache, sondern wird von der Polizei zur Anzeige gebracht\u201c, machte Landrat G\u00f6rig deutlich. Fachleute des Amtes f\u00fcr Soziale Sicherung und der Polizei beleuchteten intensiv das vielschichtige Problem der h\u00e4uslichen Gewalt. Nach dem Gewaltschutzgesetz, das seit 2002 in Kraft ist, gelte die Regel \u201eWer schl\u00e4gt, muss gehen.\u201c Dies sei ein deutlicher Beitrag zum Opferschutz, machte der Landrat deutlich. Die Fachberatungsstelle f\u00fcr Frauen und Kinder in Not in der Kreisverwaltung leiste eine schwierige, komplexe und nachhaltige Arbeit. Deren Expertinnen machten auf die starke Traumatisierung der Opfer in vielen, teils sich wiederholenden F\u00e4llen aufmerksam.<\/p>\n<p>\u201eDas Dunkelfeld ist heller geworden\u201c, machte Polizeihauptkommissar Wolfgang Keller deutlich. \u00dcber 100 F\u00e4lle h\u00e4uslicher Gewalt seien Jahr f\u00fcr Jahr im Vogelsbergkreis zu beklagen. Zu 90 Prozent gehe die Gewalt von den M\u00e4nnern aus. Polizei und Landrat lobten die sehr gute Zusammenarbeit von Kreisverwaltung, Polizei und Wei\u00dfem Ring, der ebenfalls zu den Mitgliedern des Runden Tisches im Landratsamt z\u00e4hlt.<\/p>\n<p>Landrat G\u00f6rig h\u00e4lt es f\u00fcr \u201e\u00e4u\u00dferst sinnvoll\u201c, nach der zehnj\u00e4hrigen Erfahrung mit dem Gewaltschutzgesetz eine \u00dcberpr\u00fcfung der tats\u00e4chlichen Auswirkungen im Sinne des Opferschutzes und der Pr\u00e4vention vorzunehmen. N\u00f6tigenfalls m\u00fcsse der Gesetzgeber nachsteuern, wenn die Schutzziele noch nicht gen\u00fcgend erreicht seien.<\/p>\n<p>Landrat G\u00f6rig stellte in Aussicht, die Erfahrungen und Auswertungen seiner Verwaltung und der Polizei auch dem Kreistag und den entsprechenden Fachaussch\u00fcssen vorzustellen. Wolfgang Keller hob die Aspekte \u201eIntervention statt Schlichten\u201c und Pr\u00e4vention als wesentliche Ziele des Gewaltschutzgesetzes hervor. Dar\u00fcber hinaus zeige die Polizei gegen\u00fcber den Opfern aber auch gegen\u00fcber den T\u00e4tern konkrete Beratungs- und Hilfsangebote auf. So begr\u00fc\u00dft die Polizei das Beratungsangebot des Diakonischen Werks, dessen Fachberater Peter Leiding intensiv mit m\u00e4nnlichen T\u00e4tern arbeitet, um friedliche Wege von Konfliktl\u00f6sungen jenseits der Gewalt gemeinsam zu suchen und zu stabilisieren.<\/p>\n<p>Der Leiter der Alsfelder Polizei, Erster Polizeihauptkommissar Harald Bartel, lobte die neuen M\u00f6glichkeiten des Gewaltschutzgesetzes. Denn wo fr\u00fcher der Polizei oft die H\u00e4nde gebunden gewesen seien, sei heute h\u00e4usliche Gewalt \u2013 ob k\u00f6rperlich oder psychisch \u2013 ein Offizialdelikt und die Polizei k\u00f6nne aktiven Opferschutz, zum Beispiel vor Stalking und Einsch\u00fcchterung, betreiben. Allerdings sei die Polizei auch heute noch machtlos, wenn ein Opfer den T\u00e4ter immer wieder aufs Neue gew\u00e4hren lasse.<\/p>\n<p>Zum Foto: Traditionsgem\u00e4\u00df wird zum Internationalen Gewaltschutztag, dem 25. November, vor dem Lauterbacher Kreishaus die Fahne von \u201eTerre des Femmes\u201c gehisst. Unser Foto zeigt von links: Polizeihauptkommissar Wolfgang Keller, Heidrun Bass (stellvertretende Leiterin des Amtes f\u00fcr soziale Sicherung), Kreisbeigeordnete Magdalena Pitzer, Erwin Maisch (Polizeidirektor a.D. und Sprecher der Initiative SMOG), Erster Polizeihauptkommissar Harald Bartel, Christa L\u00f6xkes, Sandra Obenhack (Familienb\u00fcndnis), Marianne Zimmer (Kinderschutzbund), Polizeihauptkommissarin B\u00e4rbel Rodemer, Eva Schlegel und Landrat Manfred G\u00f6rig. Foto: Erich Ruhl, Pressestelle Vogelsbergkreis<br \/>\n<strong><br \/>\nInformationen:<\/strong><br \/>\nFrauen-Notruf der Kreisverwaltung: 06641 \/ 977-244, E-Mail: fachberatung.frauen@vogelsbergkreis.de<br \/>\nInformationen: Terre des Femmes, Menschenrechte f\u00fcr die Frau e.V., Postfach 2565, 72015 T\u00fcbingen.<br \/>\n<a href=\"http:\/\/http:\/\/frauenrechte.de\" target=\"_blank\">http:\/\/frauenrechte.de<\/a><br \/>\n<a href=\"http:\/\/www.netzwerk-gegen-gewalt.de\" target=\"_blank\">www.netzwerk-gegen-gewalt.de<\/a><\/p>\n<p>Beratungsangebot T\u00e4terarbeit beim Diakonischen Werk \u201eDialog\u201c:<br \/>\npeter.leiding@diakonie-vogelsberg.de<\/p>\n","protected":false},"excerpt":{"rendered":"<div class=\"tmnf_excerpt\"><p>Vogelsbergkreis. Am 25. November ist der \u201eInternationale Gewaltschutztag\u201c. Landrat Manfred G\u00f6rig, die Polizei und das Familienb\u00fcndnis unterst\u00fctzen erneut die internationale Aktion von \u201eTerre des Femmes\u201c und der Vereinten Nationen: Vor dem Kreishaus in Lauterbach weht die blaue Fahne mit der Aufschrift: \u201eNein zu Gewalt an Frauen \u2013 Frei leben ohne Gewalt\u201c. F\u00fcr den Landrat ist &hellip;<\/p>\n<\/div>","protected":false},"author":1,"featured_media":0,"comment_status":"closed","ping_status":"closed","sticky":false,"template":"","format":"standard","meta":{"footnotes":""},"categories":[1],"tags":[],"class_list":["post-104261","post","type-post","status-publish","format-standard","hentry","category-startseite"],"_links":{"self":[{"href":"https:\/\/www.fuldaernachrichten.de\/index.php?rest_route=\/wp\/v2\/posts\/104261","targetHints":{"allow":["GET"]}}],"collection":[{"href":"https:\/\/www.fuldaernachrichten.de\/index.php?rest_route=\/wp\/v2\/posts"}],"about":[{"href":"https:\/\/www.fuldaernachrichten.de\/index.php?rest_route=\/wp\/v2\/types\/post"}],"author":[{"embeddable":true,"href":"https:\/\/www.fuldaernachrichten.de\/index.php?rest_route=\/wp\/v2\/users\/1"}],"replies":[{"embeddable":true,"href":"https:\/\/www.fuldaernachrichten.de\/index.php?rest_route=%2Fwp%2Fv2%2Fcomments&post=104261"}],"version-history":[{"count":0,"href":"https:\/\/www.fuldaernachrichten.de\/index.php?rest_route=\/wp\/v2\/posts\/104261\/revisions"}],"wp:attachment":[{"href":"https:\/\/www.fuldaernachrichten.de\/index.php?rest_route=%2Fwp%2Fv2%2Fmedia&parent=104261"}],"wp:term":[{"taxonomy":"category","embeddable":true,"href":"https:\/\/www.fuldaernachrichten.de\/index.php?rest_route=%2Fwp%2Fv2%2Fcategories&post=104261"},{"taxonomy":"post_tag","embeddable":true,"href":"https:\/\/www.fuldaernachrichten.de\/index.php?rest_route=%2Fwp%2Fv2%2Ftags&post=104261"}],"curies":[{"name":"wp","href":"https:\/\/api.w.org\/{rel}","templated":true}]}}