{"id":104258,"date":"2012-11-23T00:10:47","date_gmt":"2012-11-23T00:10:47","guid":{"rendered":"http:\/\/www.fuldaer-nachrichten.de\/?p=104258"},"modified":"2012-11-22T12:26:09","modified_gmt":"2012-11-22T12:26:09","slug":"vorweihnachtliches-geschenk-elo-beton-uberreicht-perspektiva-einen-scheck-in-hohe-von-5-000-euro","status":"publish","type":"post","link":"https:\/\/www.fuldaernachrichten.de\/?p=104258","title":{"rendered":"Vorweihnachtliches Geschenk &#8211; ELO Beton \u00fcberreicht Perspektiva einen Scheck in H\u00f6he von 5 000 Euro"},"content":{"rendered":"<p><img decoding=\"async\" class=\"alignleft size-thumbnail wp-image-104259\" title=\"Schecku\u00cc\u02c6bergabe_2\" src=\"http:\/\/www.fuldaer-nachrichten.de\/wp-content\/uploads\/2012\/11\/Schecku\u00cc\u02c6bergabe_2-265x176.jpg\" alt=\"\" width=\"265\" height=\"176\" \/>Fulda. \u00dcber eine Spende in H\u00f6he von 5 000 Euro durfte sich k\u00fcrzlich Michael Becker, Gesch\u00e4ftsf\u00fchrer der Perspektiva GmbH, gemeinsam mit drei Jugendlichen freuen. \u00dcberreicht wurde der symbolische Scheck von Eberhard Bauer, dem ehemaligen Gesch\u00e4ftsf\u00fchrer der ELO Beton GmbH. Zusammengekommen war der Betrag anl\u00e4sslich seiner Verabschiedung aus dem Unternehmen. Der aktive Perspektiva-Gesellschafter hatte ein Spendenkonto eingerichtet, um die F\u00f6rdergemeinschaft finanziell zu unterst\u00fctzen. Insgesamt spendeten 47 Personen, darunter Gesch\u00e4ftspartner, Freunde und Kollegen. \u201eIch h\u00e4tte nie gedacht, dass solch ein Betrag zusammenkommt\u201c, erkl\u00e4rt Bauer. Die gro\u00dfz\u00fcgige Finanzspritze soll bei den Bauma\u00dfnahmen auf dem Theresienhof eingesetzt werden.<\/p>\n<p>Zum Foto: \u201eGro\u00dfer Bahnhof\u201c bei der Scheck\u00fcbergabe: Die Gesch\u00e4ftsleitung der ELO Beton GmbH, Carolin Wi\u00dfler-Weber und Bernhard Klitsch (v.l.)sowie Eberhard Bauer (Mitte) gemeinsam mit den Perspektiva-Jugendlichen und Michael Becker (v.r.).<\/p>\n<p>&nbsp;<\/p>\n","protected":false},"excerpt":{"rendered":"<div class=\"tmnf_excerpt\"><p>Fulda. \u00dcber eine Spende in H\u00f6he von 5 000 Euro durfte sich k\u00fcrzlich Michael Becker, Gesch\u00e4ftsf\u00fchrer der Perspektiva GmbH, gemeinsam mit drei Jugendlichen freuen. \u00dcberreicht wurde der symbolische Scheck von Eberhard Bauer, dem ehemaligen Gesch\u00e4ftsf\u00fchrer der ELO Beton GmbH. Zusammengekommen war der Betrag anl\u00e4sslich seiner Verabschiedung aus dem Unternehmen. Der aktive Perspektiva-Gesellschafter hatte ein Spendenkonto &hellip;<\/p>\n<\/div>","protected":false},"author":1,"featured_media":0,"comment_status":"closed","ping_status":"closed","sticky":false,"template":"","format":"standard","meta":{"footnotes":""},"categories":[1,29],"tags":[],"class_list":["post-104258","post","type-post","status-publish","format-standard","hentry","category-startseite","category-politik"],"_links":{"self":[{"href":"https:\/\/www.fuldaernachrichten.de\/index.php?rest_route=\/wp\/v2\/posts\/104258","targetHints":{"allow":["GET"]}}],"collection":[{"href":"https:\/\/www.fuldaernachrichten.de\/index.php?rest_route=\/wp\/v2\/posts"}],"about":[{"href":"https:\/\/www.fuldaernachrichten.de\/index.php?rest_route=\/wp\/v2\/types\/post"}],"author":[{"embeddable":true,"href":"https:\/\/www.fuldaernachrichten.de\/index.php?rest_route=\/wp\/v2\/users\/1"}],"replies":[{"embeddable":true,"href":"https:\/\/www.fuldaernachrichten.de\/index.php?rest_route=%2Fwp%2Fv2%2Fcomments&post=104258"}],"version-history":[{"count":1,"href":"https:\/\/www.fuldaernachrichten.de\/index.php?rest_route=\/wp\/v2\/posts\/104258\/revisions"}],"predecessor-version":[{"id":104260,"href":"https:\/\/www.fuldaernachrichten.de\/index.php?rest_route=\/wp\/v2\/posts\/104258\/revisions\/104260"}],"wp:attachment":[{"href":"https:\/\/www.fuldaernachrichten.de\/index.php?rest_route=%2Fwp%2Fv2%2Fmedia&parent=104258"}],"wp:term":[{"taxonomy":"category","embeddable":true,"href":"https:\/\/www.fuldaernachrichten.de\/index.php?rest_route=%2Fwp%2Fv2%2Fcategories&post=104258"},{"taxonomy":"post_tag","embeddable":true,"href":"https:\/\/www.fuldaernachrichten.de\/index.php?rest_route=%2Fwp%2Fv2%2Ftags&post=104258"}],"curies":[{"name":"wp","href":"https:\/\/api.w.org\/{rel}","templated":true}]}}