{"id":104253,"date":"2012-11-23T00:10:37","date_gmt":"2012-11-23T00:10:37","guid":{"rendered":"http:\/\/www.fuldaer-nachrichten.de\/?p=104253"},"modified":"2012-11-22T12:18:32","modified_gmt":"2012-11-22T12:18:32","slug":"awo-kreisverband-fulda-jetzt-azav-zertifiziert","status":"publish","type":"post","link":"https:\/\/www.fuldaernachrichten.de\/?p=104253","title":{"rendered":"AWO Kreisverband Fulda jetzt AZAV zertifiziert"},"content":{"rendered":"<p><strong>Fulda. <\/strong>Der Arbeiterwohlfahrt Kreisverband Fulda e. V. ist nach der Akkreditierungs- und Zulassungsverordnung Arbeitsf\u00f6rderung (AZAV) erfolgreich zertifiziert worden. Mit der Zertifizierung durch das Unternehmen DQS aus Frankfurt am Main hat der AWO Kreisverband Fulda die in diesem Jahr neu geschaffenen Voraussetzungen erf\u00fcllt, um als Tr\u00e4ger Ma\u00dfnahmen zur Arbeitsf\u00f6rderung nach dem SGB III durchzuf\u00fchren zu k\u00f6nnen.<!--more--><\/p>\n<p>\u201eDamit k\u00f6nnen wir nun bereits seit langem erfolgreiche durchgef\u00fchrt Projekte wie das Jugendberufshilfeprojekt f\u00fcr junge Frauen Artemis oder die Unterst\u00fctzte Jobsuche mit Bewerberservice weiter fortsetzen. Ohne eine erfolgreiche Zertifizierung h\u00e4tte das Kommunale Jobcenter aufgrund der neuen Gesetzeslage diese Projekte nicht mehr an uns vergeben k\u00f6nnen.\u201c, f\u00fchrt Herr Wolfram Latsch, Wirtschaftsleiter der AWO, n\u00e4her aus. \u201eDaher ist es so wichtig f\u00fcr uns.\u201c<\/p>\n<p>Zudem bietet dieses Zertifikat auch die M\u00f6glichkeit das Projektangebot langfristig weiter auszubauen und breiter zu f\u00e4chern. Es best\u00e4tigt den hohen Qualit\u00e4tsanspruch in der sozialen Arbeit, den die AWO immer schon in ihren Projekten angesetzt hat. N\u00e4here Informationen sind telefonisch unter 0661\/480045-0 oder per E-Mail (<a href=\"mailto:info@awo-fulda.de\">info@awo-fulda.de<\/a> erh\u00e4ltlich.<\/p>\n<p>&nbsp;<\/p>\n<p>&nbsp;<\/p>\n<p>&nbsp;<\/p>\n","protected":false},"excerpt":{"rendered":"<div class=\"tmnf_excerpt\"><p>Fulda. Der Arbeiterwohlfahrt Kreisverband Fulda e. V. ist nach der Akkreditierungs- und Zulassungsverordnung Arbeitsf\u00f6rderung (AZAV) erfolgreich zertifiziert worden. Mit der Zertifizierung durch das Unternehmen DQS aus Frankfurt am Main hat der AWO Kreisverband Fulda die in diesem Jahr neu geschaffenen Voraussetzungen erf\u00fcllt, um als Tr\u00e4ger Ma\u00dfnahmen zur Arbeitsf\u00f6rderung nach dem SGB III durchzuf\u00fchren zu k\u00f6nnen.<\/p>\n<\/div>","protected":false},"author":1,"featured_media":0,"comment_status":"closed","ping_status":"closed","sticky":false,"template":"","format":"standard","meta":{"footnotes":""},"categories":[1,50],"tags":[],"class_list":["post-104253","post","type-post","status-publish","format-standard","hentry","category-startseite","category-kirche"],"_links":{"self":[{"href":"https:\/\/www.fuldaernachrichten.de\/index.php?rest_route=\/wp\/v2\/posts\/104253","targetHints":{"allow":["GET"]}}],"collection":[{"href":"https:\/\/www.fuldaernachrichten.de\/index.php?rest_route=\/wp\/v2\/posts"}],"about":[{"href":"https:\/\/www.fuldaernachrichten.de\/index.php?rest_route=\/wp\/v2\/types\/post"}],"author":[{"embeddable":true,"href":"https:\/\/www.fuldaernachrichten.de\/index.php?rest_route=\/wp\/v2\/users\/1"}],"replies":[{"embeddable":true,"href":"https:\/\/www.fuldaernachrichten.de\/index.php?rest_route=%2Fwp%2Fv2%2Fcomments&post=104253"}],"version-history":[{"count":0,"href":"https:\/\/www.fuldaernachrichten.de\/index.php?rest_route=\/wp\/v2\/posts\/104253\/revisions"}],"wp:attachment":[{"href":"https:\/\/www.fuldaernachrichten.de\/index.php?rest_route=%2Fwp%2Fv2%2Fmedia&parent=104253"}],"wp:term":[{"taxonomy":"category","embeddable":true,"href":"https:\/\/www.fuldaernachrichten.de\/index.php?rest_route=%2Fwp%2Fv2%2Fcategories&post=104253"},{"taxonomy":"post_tag","embeddable":true,"href":"https:\/\/www.fuldaernachrichten.de\/index.php?rest_route=%2Fwp%2Fv2%2Ftags&post=104253"}],"curies":[{"name":"wp","href":"https:\/\/api.w.org\/{rel}","templated":true}]}}