{"id":104249,"date":"2012-11-23T00:11:27","date_gmt":"2012-11-23T00:11:27","guid":{"rendered":"http:\/\/www.fuldaer-nachrichten.de\/?p=104249"},"modified":"2012-11-22T11:52:29","modified_gmt":"2012-11-22T11:52:29","slug":"kreisbeigeordneter-und-burgermeister-beenden-besichtigung-der-werkstatt-haselstein-mit-fruchtaufstrich-probe","status":"publish","type":"post","link":"https:\/\/www.fuldaernachrichten.de\/?p=104249","title":{"rendered":"Kreisbeigeordneter und B\u00fcrgermeister beenden Besichtigung der Werkstatt Haselstein mit Fruchtaufstrich-Probe"},"content":{"rendered":"<p><strong><img decoding=\"async\" class=\"alignleft size-thumbnail wp-image-104250\" title=\"Dippel_Wingefeld_Besuch_haselstein_1112IMG_3344\" src=\"http:\/\/www.fuldaer-nachrichten.de\/wp-content\/uploads\/2012\/11\/Dippel_Wingefeld_Besuch_haselstein_1112IMG_3344-265x176.jpg\" alt=\"\" width=\"265\" height=\"176\" srcset=\"https:\/\/www.fuldaernachrichten.de\/wp-content\/uploads\/2012\/11\/Dippel_Wingefeld_Besuch_haselstein_1112IMG_3344-265x176.jpg 265w, https:\/\/www.fuldaernachrichten.de\/wp-content\/uploads\/2012\/11\/Dippel_Wingefeld_Besuch_haselstein_1112IMG_3344.jpg 600w\" sizes=\"(max-width: 265px) 100vw, 265px\" \/>Haselstein (cif).<\/strong> Zu einer gemeinsamen Besichtigungstour waren der Erste Kreisbeigeordnete Dr. Heiko Wingenfeld und der Fuldaer B\u00fcrgermeister Dr. Wolfgang Dippel k\u00fcrzlich in die Caritas-Werkstatt Schloss Haselstein gekommen. F\u00fcr beide war der Besuch in der Einrichtung in der N\u00fcsttal-Gemeinde eine Premiere; vereinbart hatte man die Visite bereits im Fr\u00fchjahr, als der Caritas-Gesamtwerkstattrat in Fulda zu Gespr\u00e4chen mit den Politikern zusammen getroffen war. In der Werkstatt begr\u00fc\u00dften neben dem \u201eHausherrn\u201c Einrichtungsleiter Michael Wehner die Herren Ansgar Erb als f\u00fcr die Behindertenhilfe zust\u00e4ndiges Vorstandsmitglied, Ressortleiter Dominique Vilmin und Gesamtwerkst\u00e4ttenleiter Bernd Wystrach die G\u00e4ste. Bei einem Rundgang stellte dann Werkstattleiter Wehner den beiden Politikern die Einrichtung detailliert vor, erl\u00e4uterte das Betreuungskonzept und veranschaulichte die Arbeitsfelder wie Industriemontage, W\u00e4scherei und Gartenbau, in denen Mitarbeiter-Teams aus Haselstein aktiv sind. Der Rundgang durch das Werkstatt-Schloss endete in den Produktions- und Pr\u00e4sentationsr\u00e4umen vom \u201eRh\u00f6ner Fruchtgenuss\u201c: Hier produzieren Werkstattmitarbeiter von der Fruchtlese \u00fcber die Verarbeitung bis zum Vertrieb unterschiedlichste Fruchtaufstriche, Gelees und Fruchts\u00e4fte. Dar\u00fcber hinaus sind auch Lik\u00f6re und kleine Geschenkideen in dem L\u00e4dchen auf dem Werkstattgel\u00e4nde im Angebot, dazu k\u00f6nnen alle Waren auch online unter <a href=\"http:\/\/www.rhoener-fruchtgenuss.de\">www.rhoener-fruchtgenuss.de<\/a> bestellt werden.\u00c2\u00a0<!--more--><\/p>\n<p><img decoding=\"async\" class=\"alignleft size-thumbnail wp-image-104251\" title=\"zu_BesichtigungFruchtgenuss1112_IMG_3364\" src=\"http:\/\/www.fuldaer-nachrichten.de\/wp-content\/uploads\/2012\/11\/zu_BesichtigungFruchtgenuss1112_IMG_3364-265x163.jpg\" alt=\"\" width=\"265\" height=\"163\" srcset=\"https:\/\/www.fuldaernachrichten.de\/wp-content\/uploads\/2012\/11\/zu_BesichtigungFruchtgenuss1112_IMG_3364-265x163.jpg 265w, https:\/\/www.fuldaernachrichten.de\/wp-content\/uploads\/2012\/11\/zu_BesichtigungFruchtgenuss1112_IMG_3364.jpg 600w\" sizes=\"(max-width: 265px) 100vw, 265px\" \/>Die beiden Kommunalpolitiker aus Stadt und Landkreis Fulda zeigten sich gleicherma\u00dfen angetan von der Angebotspalette und ihrer Pr\u00e4sentation. Bei einer abschlie\u00dfenden Gespr\u00e4chsrunde, bei der die Caritas-Vertreter auch\u00c2\u00a0 Nachfragen der Besucher zu der Werkstattarbeit und der Caritas-Behindertenhilfe beantworteten, konnten B\u00fcrgermeister Dippel und Erster Kreisbeigeordneter Wingenfeld auch zahlreiche der Fruchtaufstriche im Rahmen einer kleinen Verk\u00f6stigung einem direkten Geschmackstest unterziehen.<\/p>\n","protected":false},"excerpt":{"rendered":"<div class=\"tmnf_excerpt\"><p>Haselstein (cif). Zu einer gemeinsamen Besichtigungstour waren der Erste Kreisbeigeordnete Dr. Heiko Wingenfeld und der Fuldaer B\u00fcrgermeister Dr. Wolfgang Dippel k\u00fcrzlich in die Caritas-Werkstatt Schloss Haselstein gekommen. F\u00fcr beide war der Besuch in der Einrichtung in der N\u00fcsttal-Gemeinde eine Premiere; vereinbart hatte man die Visite bereits im Fr\u00fchjahr, als der Caritas-Gesamtwerkstattrat in Fulda zu Gespr\u00e4chen &hellip;<\/p>\n<\/div>","protected":false},"author":1,"featured_media":0,"comment_status":"closed","ping_status":"closed","sticky":false,"template":"","format":"standard","meta":{"footnotes":""},"categories":[1,37,29],"tags":[],"class_list":["post-104249","post","type-post","status-publish","format-standard","hentry","category-startseite","category-essen-und-trinken","category-politik"],"_links":{"self":[{"href":"https:\/\/www.fuldaernachrichten.de\/index.php?rest_route=\/wp\/v2\/posts\/104249","targetHints":{"allow":["GET"]}}],"collection":[{"href":"https:\/\/www.fuldaernachrichten.de\/index.php?rest_route=\/wp\/v2\/posts"}],"about":[{"href":"https:\/\/www.fuldaernachrichten.de\/index.php?rest_route=\/wp\/v2\/types\/post"}],"author":[{"embeddable":true,"href":"https:\/\/www.fuldaernachrichten.de\/index.php?rest_route=\/wp\/v2\/users\/1"}],"replies":[{"embeddable":true,"href":"https:\/\/www.fuldaernachrichten.de\/index.php?rest_route=%2Fwp%2Fv2%2Fcomments&post=104249"}],"version-history":[{"count":0,"href":"https:\/\/www.fuldaernachrichten.de\/index.php?rest_route=\/wp\/v2\/posts\/104249\/revisions"}],"wp:attachment":[{"href":"https:\/\/www.fuldaernachrichten.de\/index.php?rest_route=%2Fwp%2Fv2%2Fmedia&parent=104249"}],"wp:term":[{"taxonomy":"category","embeddable":true,"href":"https:\/\/www.fuldaernachrichten.de\/index.php?rest_route=%2Fwp%2Fv2%2Fcategories&post=104249"},{"taxonomy":"post_tag","embeddable":true,"href":"https:\/\/www.fuldaernachrichten.de\/index.php?rest_route=%2Fwp%2Fv2%2Ftags&post=104249"}],"curies":[{"name":"wp","href":"https:\/\/api.w.org\/{rel}","templated":true}]}}