{"id":104172,"date":"2012-11-21T00:18:10","date_gmt":"2012-11-21T00:18:10","guid":{"rendered":"http:\/\/www.fuldaer-nachrichten.de\/?p=104172"},"modified":"2012-11-20T11:24:16","modified_gmt":"2012-11-20T11:24:16","slug":"vde-rhein-main-zeichnet-herausragende-bachelor-arbeiten-aus","status":"publish","type":"post","link":"https:\/\/www.fuldaernachrichten.de\/?p=104172","title":{"rendered":"VDE Rhein-Main zeichnet herausragende Bachelor-Arbeiten aus"},"content":{"rendered":"<p><img decoding=\"async\" class=\"alignleft size-thumbnail wp-image-104173\" title=\"2012_Pressemitteilung_Dessauer_HSFulda\" src=\"http:\/\/www.fuldaer-nachrichten.de\/wp-content\/uploads\/2012\/11\/2012_Pressemitteilung_Dessauer_HSFulda-265x175.jpg\" alt=\"\" width=\"265\" height=\"175\" srcset=\"https:\/\/www.fuldaernachrichten.de\/wp-content\/uploads\/2012\/11\/2012_Pressemitteilung_Dessauer_HSFulda-265x175.jpg 265w, https:\/\/www.fuldaernachrichten.de\/wp-content\/uploads\/2012\/11\/2012_Pressemitteilung_Dessauer_HSFulda.jpg 600w\" sizes=\"(max-width: 265px) 100vw, 265px\" \/>Frankfurt. \u201eWir sind stolz auf Ihre Leistungen\u201c, sagte Dipl.-Ing. Matthias Hahner vom VDE Rhein-Main\/Region Ost und \u00dcberlandwerk Fulda Aktiengesellschaft (\u00dcWAG), bei der \u00dcberreichung der Urkunden. Markus Fischer erhielt den mit 500 Euro verbundenen ersten Preis. Er verband in seiner hervorragenden Bachelorarbeit theoretische, simulative und experimentielle Untersuchungen zur Regelung der relativen Raumluftfeuchte. Tarek Aissa, der mit dem zweiten Preis ausgezeichnet wurde und 300 Euro Preisgeld erhielt, setzte sich in seiner Bachelorarbeit mit der Absicherung und Analyse einer Seitenwindassistenzfunktion f\u00fcr PKW auseinander.<!--more--><\/p>\n<p>\u201eMit dem Dessauer-Preis will der VDE den Nachwuchs motivieren und ein Zeichen f\u00fcr die gesellschaftliche Bedeutung von Ingenieuren und ihrer Arbeit setzen\u201c, betonte Dipl.-Ing. Walter Kaiser vom Vorstand des VDE Rhein-Main. Der Friedrich-Dessauer-Stiftungspreis des VDE Rhein-Main e. V. f\u00fcr herausragende Abschlussarbeiten des Fachbereichs Elektrotechnik und Informationstechnik wurde an der Hochschule Fulda \/ University of Applied Sciences im Rahmen des 17. Fuldaer Elektrotechnik-Kolloquiums verliehen.<\/p>\n<p>Der Stiftungspreis erinnert an den Radiologen, Physiker, sozial engagierten Unternehmer und Publizisten Dr. Friedrich Dessauer (1881-1963). Den gr\u00f6\u00dften Teil seines Lebens widmete Dessauer der Erforschung radioaktiver Strahlen mit der besonderen Betonung der Anwendbarkeit in der Medizintechnik. Mit dem Friedrich-Dessauer-Stiftungspreis zeichnet der VDE Rhein-Main e. V. im Zuge der Innovations- und Nachwuchsf\u00f6rderung j\u00e4hrlich herausragende Abschlussarbeiten des Fachbereichs Elektrotechnik und Informationstechnik aus.<\/p>\n<p><strong>Bildunterschrift v.l.n.r.:<\/strong><\/p>\n<p>Dipl.-Ing. Walter Kaiser vom Vorstand des VDE Rhein-Main, Tarek Aissa, Markus Fischer und Dipl.-Ing. Matthias Hahner, \u00dcberlandwerk Fulda Aktiengesellschaft (\u00dcWAG), verantwortlich f\u00fcr den VDE Rhein-Main Region Ost \u2013 St\u00fctzpunkt Fulda.<\/p>\n","protected":false},"excerpt":{"rendered":"<div class=\"tmnf_excerpt\"><p>Frankfurt. \u201eWir sind stolz auf Ihre Leistungen\u201c, sagte Dipl.-Ing. Matthias Hahner vom VDE Rhein-Main\/Region Ost und \u00dcberlandwerk Fulda Aktiengesellschaft (\u00dcWAG), bei der \u00dcberreichung der Urkunden. Markus Fischer erhielt den mit 500 Euro verbundenen ersten Preis. Er verband in seiner hervorragenden Bachelorarbeit theoretische, simulative und experimentielle Untersuchungen zur Regelung der relativen Raumluftfeuchte. Tarek Aissa, der mit &hellip;<\/p>\n<\/div>","protected":false},"author":1,"featured_media":0,"comment_status":"closed","ping_status":"closed","sticky":false,"template":"","format":"standard","meta":{"footnotes":""},"categories":[1,48],"tags":[],"class_list":["post-104172","post","type-post","status-publish","format-standard","hentry","category-startseite","category-forschung"],"_links":{"self":[{"href":"https:\/\/www.fuldaernachrichten.de\/index.php?rest_route=\/wp\/v2\/posts\/104172","targetHints":{"allow":["GET"]}}],"collection":[{"href":"https:\/\/www.fuldaernachrichten.de\/index.php?rest_route=\/wp\/v2\/posts"}],"about":[{"href":"https:\/\/www.fuldaernachrichten.de\/index.php?rest_route=\/wp\/v2\/types\/post"}],"author":[{"embeddable":true,"href":"https:\/\/www.fuldaernachrichten.de\/index.php?rest_route=\/wp\/v2\/users\/1"}],"replies":[{"embeddable":true,"href":"https:\/\/www.fuldaernachrichten.de\/index.php?rest_route=%2Fwp%2Fv2%2Fcomments&post=104172"}],"version-history":[{"count":0,"href":"https:\/\/www.fuldaernachrichten.de\/index.php?rest_route=\/wp\/v2\/posts\/104172\/revisions"}],"wp:attachment":[{"href":"https:\/\/www.fuldaernachrichten.de\/index.php?rest_route=%2Fwp%2Fv2%2Fmedia&parent=104172"}],"wp:term":[{"taxonomy":"category","embeddable":true,"href":"https:\/\/www.fuldaernachrichten.de\/index.php?rest_route=%2Fwp%2Fv2%2Fcategories&post=104172"},{"taxonomy":"post_tag","embeddable":true,"href":"https:\/\/www.fuldaernachrichten.de\/index.php?rest_route=%2Fwp%2Fv2%2Ftags&post=104172"}],"curies":[{"name":"wp","href":"https:\/\/api.w.org\/{rel}","templated":true}]}}