{"id":104011,"date":"2012-11-18T00:09:19","date_gmt":"2012-11-18T00:09:19","guid":{"rendered":"http:\/\/www.fuldaer-nachrichten.de\/?p=104011"},"modified":"2012-11-17T13:55:28","modified_gmt":"2012-11-17T13:55:28","slug":"geniale-symbiose-aus-zeitgenossischer-kunst-und-musik-pianistin-monica-gutmann-verzauberte-in-der-red-corridor-gallery","status":"publish","type":"post","link":"https:\/\/www.fuldaernachrichten.de\/?p=104011","title":{"rendered":"Geniale Symbiose aus zeitgen\u00f6ssischer Kunst und Musik &#8211; Pianistin Monica Gutmann verzauberte in der RED CORRIDOR GALLERY"},"content":{"rendered":"<p><img fetchpriority=\"high\" decoding=\"async\" class=\"alignnone size-full wp-image-104022\" title=\"DSC_3303\" src=\"http:\/\/www.fuldaer-nachrichten.de\/wp-content\/uploads\/2012\/11\/DSC_3303.jpg\" alt=\"\" width=\"560\" height=\"362\" \/><\/p>\n<p>Fulda. \u201eMusik verzaubert und f\u00fchrt Kunstfreunde zusammen.\u201c Mit diesem Anspruch lud am Freitag, den 16. November 2012,\u00c2\u00a0 Fuldas Kulturmeile L\u00f6herstra\u00dfe ein, um Monica Gutman in der RED CORRIDOR Gallery dem Fuldaer Publikum zu pr\u00e4sentieren. Die Symbiose aus zeitgen\u00f6ssischer Kunst und Musik erwies sich erneut als geradezu genial f\u00fcr einen Abend weltabgewandter Sch\u00f6nheit. Monica Gutman verstand es, das Publikum mit intensiver Musikalit\u00e4t gefangen zu nehmen. Die Werke der K\u00fcnstlergruppe RED CORRIDOR verschmolzen im Unterbewusstsein der Zuh\u00f6rer mit der Musik von Schubert, Liszt, Chopin und Schulhoff. Die Pianistin agierte in vollkommener Ruhe, klassischem Formgef\u00fchl und steigerte ihr Spiel in einen Rausch virtuoser Klanggewalt. Das Publikum, wie verzaubert, spendete begeistert Beifall f\u00fcr einen Konzertabend der besonderen ART.<!--more--><br \/>\n<strong>Fotos (14):<\/strong> Marzena Traber<\/p>\n<p>Die Pianistin Monica Gutman wurde in Rum\u00e4nien geboren und trat bereits seit ihrem zehnten Lebensjahr in Konzerten und im Fernsehen ihres Heimatlandes auf. Durch ein Stipendium des British Council erhielt sie die M\u00f6glichkeit, in London ihre Studien fortzusetzen. Dort arbeitete sie mit so bekannten Pers\u00f6nlichkeiten wie Louis Kentner, einem der bedeutendsten Liszt-Interpreten des 20. Jahrhunderts. Sie spielte bei den Frankfurt Festen, im M\u00fcnchner Gasteig, in der Londoner Queen Elisabeth Hall, in \u201eSt.-Martinin-the-Fields\u201c, bei den Ludwigsburger Schlo\u00dffestspielen, wiederholt beim Kissinger Sommer, im Berliner Schauspielhaus sowie in der Alten Oper Frankfurt\/Main. Konzertreisen f\u00fchrten sie in die USA, die Schweiz, nach Holland, Frankreich, Portugal, Kanada, Australien, Spanien und S\u00fcdafrika.<\/p>\n<p><img decoding=\"async\" class=\"alignnone size-thumbnail wp-image-104023\" title=\"DSC_3247\" src=\"http:\/\/www.fuldaer-nachrichten.de\/wp-content\/uploads\/2012\/11\/DSC_3247-265x175.jpg\" alt=\"\" width=\"265\" height=\"175\" srcset=\"https:\/\/www.fuldaernachrichten.de\/wp-content\/uploads\/2012\/11\/DSC_3247-265x175.jpg 265w, https:\/\/www.fuldaernachrichten.de\/wp-content\/uploads\/2012\/11\/DSC_3247.jpg 592w\" sizes=\"(max-width: 265px) 100vw, 265px\" \/> <img decoding=\"async\" class=\"alignnone size-thumbnail wp-image-104014\" title=\"DSC_3104\" src=\"http:\/\/www.fuldaer-nachrichten.de\/wp-content\/uploads\/2012\/11\/DSC_3104-265x175.jpg\" alt=\"\" width=\"265\" height=\"175\" srcset=\"https:\/\/www.fuldaernachrichten.de\/wp-content\/uploads\/2012\/11\/DSC_3104-265x175.jpg 265w, https:\/\/www.fuldaernachrichten.de\/wp-content\/uploads\/2012\/11\/DSC_3104.jpg 592w\" sizes=\"(max-width: 265px) 100vw, 265px\" \/><br \/>\n<img loading=\"lazy\" decoding=\"async\" class=\"alignnone size-thumbnail wp-image-104026\" title=\"DSC_3102\" src=\"http:\/\/www.fuldaer-nachrichten.de\/wp-content\/uploads\/2012\/11\/DSC_3102-265x175.jpg\" alt=\"\" width=\"265\" height=\"175\" srcset=\"https:\/\/www.fuldaernachrichten.de\/wp-content\/uploads\/2012\/11\/DSC_3102-265x175.jpg 265w, https:\/\/www.fuldaernachrichten.de\/wp-content\/uploads\/2012\/11\/DSC_3102.jpg 592w\" sizes=\"(max-width: 265px) 100vw, 265px\" \/> <img loading=\"lazy\" decoding=\"async\" class=\"alignnone size-thumbnail wp-image-104025\" title=\"DSC_3107\" src=\"http:\/\/www.fuldaer-nachrichten.de\/wp-content\/uploads\/2012\/11\/DSC_3107-265x175.jpg\" alt=\"\" width=\"265\" height=\"175\" srcset=\"https:\/\/www.fuldaernachrichten.de\/wp-content\/uploads\/2012\/11\/DSC_3107-265x175.jpg 265w, https:\/\/www.fuldaernachrichten.de\/wp-content\/uploads\/2012\/11\/DSC_3107.jpg 592w\" sizes=\"(max-width: 265px) 100vw, 265px\" \/><br \/>\n<img loading=\"lazy\" decoding=\"async\" class=\"alignnone size-thumbnail wp-image-104021\" title=\"DSC_3368\" src=\"http:\/\/www.fuldaer-nachrichten.de\/wp-content\/uploads\/2012\/11\/DSC_3368-265x175.jpg\" alt=\"\" width=\"265\" height=\"175\" srcset=\"https:\/\/www.fuldaernachrichten.de\/wp-content\/uploads\/2012\/11\/DSC_3368-265x175.jpg 265w, https:\/\/www.fuldaernachrichten.de\/wp-content\/uploads\/2012\/11\/DSC_3368.jpg 592w\" sizes=\"(max-width: 265px) 100vw, 265px\" \/> <img loading=\"lazy\" decoding=\"async\" class=\"alignnone size-thumbnail wp-image-104012\" title=\"DSC_3263\" src=\"http:\/\/www.fuldaer-nachrichten.de\/wp-content\/uploads\/2012\/11\/DSC_3263-265x175.jpg\" alt=\"\" width=\"265\" height=\"175\" srcset=\"https:\/\/www.fuldaernachrichten.de\/wp-content\/uploads\/2012\/11\/DSC_3263-265x175.jpg 265w, https:\/\/www.fuldaernachrichten.de\/wp-content\/uploads\/2012\/11\/DSC_3263.jpg 592w\" sizes=\"(max-width: 265px) 100vw, 265px\" \/><br \/>\n<img loading=\"lazy\" decoding=\"async\" class=\"alignnone size-thumbnail wp-image-104020\" title=\"DSC_3043\" src=\"http:\/\/www.fuldaer-nachrichten.de\/wp-content\/uploads\/2012\/11\/DSC_3043-265x400.jpg\" alt=\"\" width=\"265\" height=\"400\" srcset=\"https:\/\/www.fuldaernachrichten.de\/wp-content\/uploads\/2012\/11\/DSC_3043-265x400.jpg 265w, https:\/\/www.fuldaernachrichten.de\/wp-content\/uploads\/2012\/11\/DSC_3043-175x265.jpg 175w, https:\/\/www.fuldaernachrichten.de\/wp-content\/uploads\/2012\/11\/DSC_3043-397x600.jpg 397w, https:\/\/www.fuldaernachrichten.de\/wp-content\/uploads\/2012\/11\/DSC_3043.jpg 399w\" sizes=\"(max-width: 265px) 100vw, 265px\" \/> <img loading=\"lazy\" decoding=\"async\" class=\"alignnone size-thumbnail wp-image-104019\" title=\"DSC_3091\" src=\"http:\/\/www.fuldaer-nachrichten.de\/wp-content\/uploads\/2012\/11\/DSC_3091-265x400.jpg\" alt=\"\" width=\"265\" height=\"400\" srcset=\"https:\/\/www.fuldaernachrichten.de\/wp-content\/uploads\/2012\/11\/DSC_3091-265x400.jpg 265w, https:\/\/www.fuldaernachrichten.de\/wp-content\/uploads\/2012\/11\/DSC_3091-175x265.jpg 175w, https:\/\/www.fuldaernachrichten.de\/wp-content\/uploads\/2012\/11\/DSC_3091-397x600.jpg 397w, https:\/\/www.fuldaernachrichten.de\/wp-content\/uploads\/2012\/11\/DSC_3091.jpg 399w\" sizes=\"(max-width: 265px) 100vw, 265px\" \/><br \/>\n<img loading=\"lazy\" decoding=\"async\" class=\"alignnone size-thumbnail wp-image-104018\" title=\"DSC_3124\" src=\"http:\/\/www.fuldaer-nachrichten.de\/wp-content\/uploads\/2012\/11\/DSC_3124-265x400.jpg\" alt=\"\" width=\"265\" height=\"400\" srcset=\"https:\/\/www.fuldaernachrichten.de\/wp-content\/uploads\/2012\/11\/DSC_3124-265x400.jpg 265w, https:\/\/www.fuldaernachrichten.de\/wp-content\/uploads\/2012\/11\/DSC_3124-175x265.jpg 175w, https:\/\/www.fuldaernachrichten.de\/wp-content\/uploads\/2012\/11\/DSC_3124-397x600.jpg 397w, https:\/\/www.fuldaernachrichten.de\/wp-content\/uploads\/2012\/11\/DSC_3124.jpg 399w\" sizes=\"(max-width: 265px) 100vw, 265px\" \/> <img loading=\"lazy\" decoding=\"async\" class=\"alignnone size-thumbnail wp-image-104017\" title=\"DSC_3155\" src=\"http:\/\/www.fuldaer-nachrichten.de\/wp-content\/uploads\/2012\/11\/DSC_3155-265x400.jpg\" alt=\"\" width=\"265\" height=\"400\" srcset=\"https:\/\/www.fuldaernachrichten.de\/wp-content\/uploads\/2012\/11\/DSC_3155-265x400.jpg 265w, https:\/\/www.fuldaernachrichten.de\/wp-content\/uploads\/2012\/11\/DSC_3155-175x265.jpg 175w, https:\/\/www.fuldaernachrichten.de\/wp-content\/uploads\/2012\/11\/DSC_3155-397x600.jpg 397w, https:\/\/www.fuldaernachrichten.de\/wp-content\/uploads\/2012\/11\/DSC_3155.jpg 399w\" sizes=\"(max-width: 265px) 100vw, 265px\" \/><br \/>\n<img loading=\"lazy\" decoding=\"async\" class=\"alignnone size-thumbnail wp-image-104016\" title=\"DSC_3200\" src=\"http:\/\/www.fuldaer-nachrichten.de\/wp-content\/uploads\/2012\/11\/DSC_3200-265x400.jpg\" alt=\"\" width=\"265\" height=\"400\" srcset=\"https:\/\/www.fuldaernachrichten.de\/wp-content\/uploads\/2012\/11\/DSC_3200-265x400.jpg 265w, https:\/\/www.fuldaernachrichten.de\/wp-content\/uploads\/2012\/11\/DSC_3200-175x265.jpg 175w, https:\/\/www.fuldaernachrichten.de\/wp-content\/uploads\/2012\/11\/DSC_3200-397x600.jpg 397w, https:\/\/www.fuldaernachrichten.de\/wp-content\/uploads\/2012\/11\/DSC_3200.jpg 399w\" sizes=\"(max-width: 265px) 100vw, 265px\" \/> <img loading=\"lazy\" decoding=\"async\" class=\"alignnone size-thumbnail wp-image-104015\" title=\"DSC_3324\" src=\"http:\/\/www.fuldaer-nachrichten.de\/wp-content\/uploads\/2012\/11\/DSC_3324-265x400.jpg\" alt=\"\" width=\"265\" height=\"400\" srcset=\"https:\/\/www.fuldaernachrichten.de\/wp-content\/uploads\/2012\/11\/DSC_3324-265x400.jpg 265w, https:\/\/www.fuldaernachrichten.de\/wp-content\/uploads\/2012\/11\/DSC_3324-175x265.jpg 175w, https:\/\/www.fuldaernachrichten.de\/wp-content\/uploads\/2012\/11\/DSC_3324-397x600.jpg 397w, https:\/\/www.fuldaernachrichten.de\/wp-content\/uploads\/2012\/11\/DSC_3324.jpg 399w\" sizes=\"(max-width: 265px) 100vw, 265px\" \/><br \/>\n<img loading=\"lazy\" decoding=\"async\" class=\"alignnone size-thumbnail wp-image-104013\" title=\"DSC_3127\" src=\"http:\/\/www.fuldaer-nachrichten.de\/wp-content\/uploads\/2012\/11\/DSC_3127-265x400.jpg\" alt=\"\" width=\"265\" height=\"400\" srcset=\"https:\/\/www.fuldaernachrichten.de\/wp-content\/uploads\/2012\/11\/DSC_3127-265x400.jpg 265w, https:\/\/www.fuldaernachrichten.de\/wp-content\/uploads\/2012\/11\/DSC_3127-175x265.jpg 175w, https:\/\/www.fuldaernachrichten.de\/wp-content\/uploads\/2012\/11\/DSC_3127-397x600.jpg 397w, https:\/\/www.fuldaernachrichten.de\/wp-content\/uploads\/2012\/11\/DSC_3127.jpg 399w\" sizes=\"(max-width: 265px) 100vw, 265px\" \/><\/p>\n","protected":false},"excerpt":{"rendered":"<div class=\"tmnf_excerpt\"><p>Fulda. \u201eMusik verzaubert und f\u00fchrt Kunstfreunde zusammen.\u201c Mit diesem Anspruch lud am Freitag, den 16. November 2012,\u00c2\u00a0 Fuldas Kulturmeile L\u00f6herstra\u00dfe ein, um Monica Gutman in der RED CORRIDOR Gallery dem Fuldaer Publikum zu pr\u00e4sentieren. Die Symbiose aus zeitgen\u00f6ssischer Kunst und Musik erwies sich erneut als geradezu genial f\u00fcr einen Abend weltabgewandter Sch\u00f6nheit. Monica Gutman verstand &hellip;<\/p>\n<\/div>","protected":false},"author":1,"featured_media":0,"comment_status":"closed","ping_status":"closed","sticky":false,"template":"","format":"standard","meta":{"footnotes":""},"categories":[1,54,44,78],"tags":[],"class_list":["post-104011","post","type-post","status-publish","format-standard","hentry","category-startseite","category-bildergalerien","category-kultur","category-topthema"],"_links":{"self":[{"href":"https:\/\/www.fuldaernachrichten.de\/index.php?rest_route=\/wp\/v2\/posts\/104011","targetHints":{"allow":["GET"]}}],"collection":[{"href":"https:\/\/www.fuldaernachrichten.de\/index.php?rest_route=\/wp\/v2\/posts"}],"about":[{"href":"https:\/\/www.fuldaernachrichten.de\/index.php?rest_route=\/wp\/v2\/types\/post"}],"author":[{"embeddable":true,"href":"https:\/\/www.fuldaernachrichten.de\/index.php?rest_route=\/wp\/v2\/users\/1"}],"replies":[{"embeddable":true,"href":"https:\/\/www.fuldaernachrichten.de\/index.php?rest_route=%2Fwp%2Fv2%2Fcomments&post=104011"}],"version-history":[{"count":0,"href":"https:\/\/www.fuldaernachrichten.de\/index.php?rest_route=\/wp\/v2\/posts\/104011\/revisions"}],"wp:attachment":[{"href":"https:\/\/www.fuldaernachrichten.de\/index.php?rest_route=%2Fwp%2Fv2%2Fmedia&parent=104011"}],"wp:term":[{"taxonomy":"category","embeddable":true,"href":"https:\/\/www.fuldaernachrichten.de\/index.php?rest_route=%2Fwp%2Fv2%2Fcategories&post=104011"},{"taxonomy":"post_tag","embeddable":true,"href":"https:\/\/www.fuldaernachrichten.de\/index.php?rest_route=%2Fwp%2Fv2%2Ftags&post=104011"}],"curies":[{"name":"wp","href":"https:\/\/api.w.org\/{rel}","templated":true}]}}