{"id":103907,"date":"2012-11-14T00:12:06","date_gmt":"2012-11-14T00:12:06","guid":{"rendered":"http:\/\/www.fuldaer-nachrichten.de\/?p=103907"},"modified":"2012-11-13T21:07:57","modified_gmt":"2012-11-13T21:07:57","slug":"vortrag-und-diskussion-solvency-ii-was-wird-aus-der-betrieblichen-altersvorsorge","status":"publish","type":"post","link":"https:\/\/www.fuldaernachrichten.de\/?p=103907","title":{"rendered":"Vortrag und Diskussion: Solvency II &#8211; Was wird aus der betrieblichen Altersvorsorge?"},"content":{"rendered":"<p>Fulda. Der Forschungsverbund f\u00fcr Sozialrecht und Sozialpolitik (FoSS) der Hochschule Fulda und der Universit\u00e4t Kassel l\u00e4dt in Kooperation mit dem DGB Hessen-Th\u00fcringen am Dienstag, 20. November, von 17.00 bis 19.00 Uhr zu einer Veranstaltung in das Hochschulzentrum Fulda Transfer, Heinrich-von-Bibra-Platz 1b, 36037 Fulda ein. Die Referenten sind Prof. Dr. Hans-Joachim Reinhard vom Fachbereich Sozial- und Kulturwissenschaften der Hochschule Fulda und Frank Niebergall, Vorsitzender des Betriebsrates der Infraserv GmbH &amp; Co. H\u00f6chst KG.<!--more--><\/p>\n<p>Die EU-Kommission beabsichtigt, die Eigenkapitalregeln in der Versicherungswirtschaft zu versch\u00e4rfen (Solvency II). Durch gr\u00f6\u00dfere R\u00fccklagen sollen die \u00c2\u00a0Einlagen von Versicherten besser vor Verlusten durch Spekulationen gesch\u00fctzt \u00c2\u00a0werden. Was zun\u00e4chst w\u00fcnschenswert erscheint, entwickelt sich f\u00fcr die \u00c2\u00a0betrieblichen Renten- und Pensionskassen zum Bumerang. Geht es nach den Pl\u00e4nen \u00c2\u00a0der EU-Kommission, werden Sie genauso behandelt wie kommerzielle \u00c2\u00a0Lebensversicherungen und sollen somit ebenfalls zur Bildung hoher R\u00fccklagen \u00c2\u00a0verpflichtet werden, obwohl sie kein Profit- oder Spekulationsinteresse verfolgen.<\/p>\n<p>Dies stellt die betrieblichen Einrichtungen der Altersvorsorge vor hohe H\u00fcrden. Die drohenden Konsequenzen sind h\u00f6here Zahlungen der Arbeitgeber und Beitragserh\u00f6hungen f\u00fcr Arbeitnehmer oder gar die Privatisierung der betrieblichen Altersvorsorge. Zu diesem aktuellen europapolitischen Thema m\u00f6chten der DGB Hessen-Th\u00fcringen \u00c2\u00a0und der Forschungsverbund f\u00fcr Sozialrecht und Sozialpolitik der Hochschule Fulda und der Universit\u00e4t Kassel zu einer ersten gemeinsamen Informations- und \u00c2\u00a0Diskussionsveranstaltung unter dem Motto &#8220;Wissenschaft trifft Arbeitswelt&#8221; einladen.<\/p>\n<p>&nbsp;<\/p>\n","protected":false},"excerpt":{"rendered":"<div class=\"tmnf_excerpt\"><p>Fulda. Der Forschungsverbund f\u00fcr Sozialrecht und Sozialpolitik (FoSS) der Hochschule Fulda und der Universit\u00e4t Kassel l\u00e4dt in Kooperation mit dem DGB Hessen-Th\u00fcringen am Dienstag, 20. November, von 17.00 bis 19.00 Uhr zu einer Veranstaltung in das Hochschulzentrum Fulda Transfer, Heinrich-von-Bibra-Platz 1b, 36037 Fulda ein. Die Referenten sind Prof. Dr. Hans-Joachim Reinhard vom Fachbereich Sozial- und &hellip;<\/p>\n<\/div>","protected":false},"author":1,"featured_media":0,"comment_status":"closed","ping_status":"closed","sticky":false,"template":"","format":"standard","meta":{"footnotes":""},"categories":[1,48],"tags":[],"class_list":["post-103907","post","type-post","status-publish","format-standard","hentry","category-startseite","category-forschung"],"_links":{"self":[{"href":"https:\/\/www.fuldaernachrichten.de\/index.php?rest_route=\/wp\/v2\/posts\/103907","targetHints":{"allow":["GET"]}}],"collection":[{"href":"https:\/\/www.fuldaernachrichten.de\/index.php?rest_route=\/wp\/v2\/posts"}],"about":[{"href":"https:\/\/www.fuldaernachrichten.de\/index.php?rest_route=\/wp\/v2\/types\/post"}],"author":[{"embeddable":true,"href":"https:\/\/www.fuldaernachrichten.de\/index.php?rest_route=\/wp\/v2\/users\/1"}],"replies":[{"embeddable":true,"href":"https:\/\/www.fuldaernachrichten.de\/index.php?rest_route=%2Fwp%2Fv2%2Fcomments&post=103907"}],"version-history":[{"count":0,"href":"https:\/\/www.fuldaernachrichten.de\/index.php?rest_route=\/wp\/v2\/posts\/103907\/revisions"}],"wp:attachment":[{"href":"https:\/\/www.fuldaernachrichten.de\/index.php?rest_route=%2Fwp%2Fv2%2Fmedia&parent=103907"}],"wp:term":[{"taxonomy":"category","embeddable":true,"href":"https:\/\/www.fuldaernachrichten.de\/index.php?rest_route=%2Fwp%2Fv2%2Fcategories&post=103907"},{"taxonomy":"post_tag","embeddable":true,"href":"https:\/\/www.fuldaernachrichten.de\/index.php?rest_route=%2Fwp%2Fv2%2Ftags&post=103907"}],"curies":[{"name":"wp","href":"https:\/\/api.w.org\/{rel}","templated":true}]}}