{"id":103814,"date":"2012-11-11T00:09:42","date_gmt":"2012-11-11T00:09:42","guid":{"rendered":"http:\/\/www.fuldaer-nachrichten.de\/?p=103814"},"modified":"2012-11-11T11:07:25","modified_gmt":"2012-11-11T11:07:25","slug":"mitarbeiter-der-kreisverwaltung-konnen-auch-narrisch-sein-drei-hobbykarnevalisten-bei-der-florengasner-brunnenzeche-aktiv","status":"publish","type":"post","link":"https:\/\/www.fuldaernachrichten.de\/?p=103814","title":{"rendered":"Mitarbeiter der Kreisverwaltung k\u00f6nnen auch \u201en\u00e4rrisch\u201c sein &#8211; Drei Hobbykarnevalisten bei der Floreng\u00e4\u00dfner Brunnenzeche aktiv"},"content":{"rendered":"<p><img fetchpriority=\"high\" decoding=\"async\" class=\"alignnone size-full wp-image-103816\" title=\"521-Brunnenzeche 2\" src=\"http:\/\/www.fuldaer-nachrichten.de\/wp-content\/uploads\/2012\/11\/521-Brunnenzeche-2.jpg\" alt=\"\" width=\"600\" height=\"250\" srcset=\"https:\/\/www.fuldaernachrichten.de\/wp-content\/uploads\/2012\/11\/521-Brunnenzeche-2.jpg 600w, https:\/\/www.fuldaernachrichten.de\/wp-content\/uploads\/2012\/11\/521-Brunnenzeche-2-265x110.jpg 265w\" sizes=\"(max-width: 600px) 100vw, 600px\" \/><\/p>\n<p>Fulda. Mit Schwung hinein in die f\u00fcnfte Jahreszeit geht es f\u00fcr die Fastnachtsaktiven am 11.11. um 11.11 Uhr im Mittelpunkt des Tages. Ob Helau, F\u00f6lsch Foll, Ho-Bi-Fa, Good Bomb oder wie die Schlachtrufe auch alle lauten m\u00f6gen, die n\u00e4rrische Zeit beginnt. Frohsinn und Heiterkeit, Prunksitzungen und B\u00e4lle, B\u00fcttenreden und Sketche und am Ende die Rosenmontagsumz\u00fcge und Lumpenb\u00e4lle sind angesagt. In der Kampagne 2012\/2013 m\u00fcssen sich die Fastnachter sputen, denn bereits am 13. Februar ist schon Aschermittwoch \u2013 und alles vorbei.<!--more--><\/p>\n<p><strong><\/strong>Schade werden eingefleischte Karnevalisten sagen, und manche Aktive investieren in die \u201esch\u00f6nste und lustigste Jahreszeit\u201c ihren Urlaub. Endlich kann man in eine Rolle schl\u00fcpfen, mit spitzer Feder und eben solcher Zunge in der B\u00fctt, der Kanzel des Fastnachters, Zeitgenossen ins Visier nehmen und sagen, was man eigentlich schon immer mal sagen wollte. Nur, dass alles in wohl\u00fcberlegte Worte gepackt wird, die treffend die Wahrheit beinhalten, aber doch nicht so ernst gemeint sind, dass dar\u00fcber nicht gelacht werden d\u00fcrfte. Pointiert muss so eine Rede sein, nicht verletzend und ein wenig \u00fcbertrieben, und doch wei\u00df jeder, wer und was gemeint ist.<\/p>\n<p><img decoding=\"async\" class=\"alignleft size-thumbnail wp-image-103815\" title=\"521-Brunnenzeche 1\" src=\"http:\/\/www.fuldaer-nachrichten.de\/wp-content\/uploads\/2012\/11\/521-Brunnenzeche-1-265x108.jpg\" alt=\"\" width=\"265\" height=\"108\" srcset=\"https:\/\/www.fuldaernachrichten.de\/wp-content\/uploads\/2012\/11\/521-Brunnenzeche-1-265x108.jpg 265w, https:\/\/www.fuldaernachrichten.de\/wp-content\/uploads\/2012\/11\/521-Brunnenzeche-1.jpg 600w\" sizes=\"(max-width: 265px) 100vw, 265px\" \/>Viele Mitarbeiterinnen und Mitarbeiter in den unterschiedlichen Aufgabengebieten des Landkreises Fulda sind in der n\u00e4rrischen f\u00fcnften Jahreszeit aktive Fastnachter. Dies gilt auch f\u00fcr Hans-Peter Vogel, Ralf Cammerer und Peter Ebert, die sich bei der Floreng\u00e4\u00dfner Brunnenzeche engagieren. Mit der Muttermilch habe er den Fastnachtsgedanken verabreicht bekommen, sagt Hans-Peter Vogel, seit dem Jahre 2005 beim Landkreis Fulda und Fachdienstleiter Leistung und Vermittlung im Kreisjobcenter in der Robert-Kircher-Stra\u00dfe. Zurzeit ist er B\u00fcrgermeister der Floreng\u00e4\u00dfner Brunnenzeche, \u00fcbersetzt deren Erster Vorsitzender.<\/p>\n<p>Sein Gro\u00dfvater war im Jahre 1934 Mitbegr\u00fcnder der Brunnenzeche. Die Fuldaer Karnevalsgesellschaft hatte einen Aufruf gestartet, sich am Rosenmontagszug zu beteiligen. Da wollten auch die Stammtischbr\u00fcder aus der Florengasse nicht zur\u00fcckstehen, die sich regelm\u00e4\u00dfig in der Gastst\u00e4tte Eintracht, besser bekannt unter \u201eDer Duume\u201c, trafen. Sie erinnerten sich an die Brunnenherren, die f\u00fcr Ordnung und Sauberkeit an den Brunnen gesorgt, so manchen Streit geschlichtet und einmal im Jahr ein Fest um den Brunnen herum ausgerichtet hatten, die \u201eBrunnenzeche\u201c. So wurde die Floreng\u00e4\u00dfner Brunnenzeche geboren, die sich in ihren Kost\u00fcmen an der Biedermeierzeit (1815-1848) orientierte, sich als Gemeinde verstand und damit einen B\u00fcrgermeister und Ratsherren hatte. Hinzu kam die Brunnenliesel und daraus wurde das Brunnenpaar (Brunnenpaar 1997: Ulli und Hans-Peter Vogel).<\/p>\n<p>Diese Fastnachtsordnung habe sich bis heute erhalten, best\u00e4tigte Rolf Cammerer, selbst im Jahre 1987 mit seiner Frau Ursula Brunnenpaar und heute Protokoller und B\u00fcttenredner. Er sammelt das ganze Jahr \u00fcber \u201ewichtige Ereignisse\u201c und daraus bastelt er seine Reden. Pointiert glossiert m\u00fcsse man in der B\u00fctt das bringen, was den Zuh\u00f6rern noch pr\u00e4sent sei und ihre Lachmuskeln strapaziere, so der Hobbykarnevalist. In der letzten Fastnachtskampagne gl\u00e4nzte er in der Rolle des Bonifatius. Aber auch in der M\u00e4nnerschautanzgruppe oder als Frauenberg-Pater war Rolf Cammerer aktiv, der im \u201erichtigen Leben\u201c seit dem Jahre 2005 f\u00fcr die Kreisverwaltung t\u00e4tig und im Kreisjobcenter Teamleiter Leistung und Vermittlung ist.<\/p>\n<p>Der dritte Brunnenzecher Peter Ebert ist auch in der Kreisverwaltung aktiv. Aber nicht als Mitarbeiter, sondern als Leiter der \u201eStube des Landvolks\u201c. Als gelernter Koch ist er seit dem Jahr 1996 bei der gemeinn\u00fctzigen Gr\u00fcmel GmbH besch\u00e4ftigt. Diese betreibt seit dem Jahr 2009 die Kantine im Kreishaus. F\u00fcr 15 Auszubildende, t\u00e4glich wechselnden Mittagstisch \u2013 selbst zubereitet, mit reichlicher Auswahl und gutem Service &#8211; und zweimal w\u00f6chentlich Fr\u00fchst\u00fccksangebot ist er verantwortlich. Bei der Brunnenzeche ist er seit seiner Kindheit \u201emit Herz und Seele\u201c engagiert, war B\u00fcrgermeister, Ratsherr, in der Theatergruppe und der Narrenschule sowie in der Garde und von 2002 bis 2011 in der Vorstandsarbeit t\u00e4tig. Peter Ebert ist aber auch mit Herz und Seele in der Stube des Landvolkes aktiv. (win\/was\/gi)<\/p>\n<p>BU: Verantwortungsvoll und engagiert im Beruf, in der f\u00fcnften Jahreszeit mit Herz und Seele Brunnenzecher: Hans-Peter Vogel, Rolf Cammerer und Peter Ebert\u00c2\u00a0\u00c2\u00a0\u00c2\u00a0\u00c2\u00a0\u00c2\u00a0\u00c2\u00a0\u00c2\u00a0\u00c2\u00a0\u00c2\u00a0\u00c2\u00a0\u00c2\u00a0\u00c2\u00a0\u00c2\u00a0\u00c2\u00a0\u00c2\u00a0\u00c2\u00a0 Foto: M\u00f6ller<\/p>\n","protected":false},"excerpt":{"rendered":"<div class=\"tmnf_excerpt\"><p>Fulda. Mit Schwung hinein in die f\u00fcnfte Jahreszeit geht es f\u00fcr die Fastnachtsaktiven am 11.11. um 11.11 Uhr im Mittelpunkt des Tages. Ob Helau, F\u00f6lsch Foll, Ho-Bi-Fa, Good Bomb oder wie die Schlachtrufe auch alle lauten m\u00f6gen, die n\u00e4rrische Zeit beginnt. Frohsinn und Heiterkeit, Prunksitzungen und B\u00e4lle, B\u00fcttenreden und Sketche und am Ende die Rosenmontagsumz\u00fcge &hellip;<\/p>\n<\/div>","protected":false},"author":1,"featured_media":0,"comment_status":"closed","ping_status":"closed","sticky":false,"template":"","format":"standard","meta":{"footnotes":""},"categories":[1,29,78],"tags":[],"class_list":["post-103814","post","type-post","status-publish","format-standard","hentry","category-startseite","category-politik","category-topthema"],"_links":{"self":[{"href":"https:\/\/www.fuldaernachrichten.de\/index.php?rest_route=\/wp\/v2\/posts\/103814","targetHints":{"allow":["GET"]}}],"collection":[{"href":"https:\/\/www.fuldaernachrichten.de\/index.php?rest_route=\/wp\/v2\/posts"}],"about":[{"href":"https:\/\/www.fuldaernachrichten.de\/index.php?rest_route=\/wp\/v2\/types\/post"}],"author":[{"embeddable":true,"href":"https:\/\/www.fuldaernachrichten.de\/index.php?rest_route=\/wp\/v2\/users\/1"}],"replies":[{"embeddable":true,"href":"https:\/\/www.fuldaernachrichten.de\/index.php?rest_route=%2Fwp%2Fv2%2Fcomments&post=103814"}],"version-history":[{"count":0,"href":"https:\/\/www.fuldaernachrichten.de\/index.php?rest_route=\/wp\/v2\/posts\/103814\/revisions"}],"wp:attachment":[{"href":"https:\/\/www.fuldaernachrichten.de\/index.php?rest_route=%2Fwp%2Fv2%2Fmedia&parent=103814"}],"wp:term":[{"taxonomy":"category","embeddable":true,"href":"https:\/\/www.fuldaernachrichten.de\/index.php?rest_route=%2Fwp%2Fv2%2Fcategories&post=103814"},{"taxonomy":"post_tag","embeddable":true,"href":"https:\/\/www.fuldaernachrichten.de\/index.php?rest_route=%2Fwp%2Fv2%2Ftags&post=103814"}],"curies":[{"name":"wp","href":"https:\/\/api.w.org\/{rel}","templated":true}]}}