{"id":103811,"date":"2012-11-11T00:10:49","date_gmt":"2012-11-11T00:10:49","guid":{"rendered":"http:\/\/www.fuldaer-nachrichten.de\/?p=103811"},"modified":"2012-11-11T10:44:45","modified_gmt":"2012-11-11T10:44:45","slug":"neuregelung-der-seelsorge-in-der-fuldaer-innenstadt-geplant","status":"publish","type":"post","link":"https:\/\/www.fuldaernachrichten.de\/?p=103811","title":{"rendered":"Neuregelung der Seelsorge in der Fuldaer Innenstadt geplant"},"content":{"rendered":"<p>Fulda (bpf). Dechant Stefan Bu\u00df, derzeit Pfarrer in Freigericht-Bernbach, ist mit Wirkung vom 1. Juli 2013 zum verantwortlichen Seelsorger der Dompfarrei Christus der Erl\u00f6ser und der Pfarrei St. Joseph in Fulda ernannt worden. Bu\u00df hatte sich auf die ihm angebotene Stelle beworben. Dar\u00fcber hinaus wird Pfarrer Bu\u00df nach dem Eintritt von Stadtpfarrer Monsignore Winfried Reith in den Ruhestand im Jahre 2014 auch mit der Verantwortung f\u00fcr die Stadtpfarrei St. Blasius und die Pfarrei Hl. Geist betraut werden. Aus diesen Pfarreien soll der zuk\u00fcnftige Stadtpfarrer in den kommenden Jahren im Einvernehmen mit den Gremien und gemeinsam mit den Gl\u00e4ubigen eine neue Pfarrgemeinde bilden.<!--more--><\/p>\n<p>Aufgrund der demographischen Entwicklung in der Fuldaer Innenstadt hat die k\u00fcnftige neue Pfarrgemeinde aus diesen vier Pfarreien mit zurzeit 6.400 Gemeindemitgliedern die gleiche Gr\u00f6\u00dfe wie die Dompfarrei Christus der Erl\u00f6ser im Jahr 1967. Grund f\u00fcr die starke Abnahme der Katholikenzahl in Fuldas Innenstadt ist der Bev\u00f6lkerungsr\u00fcckgang aufgrund der Strukturver\u00e4nderung im Innenstadtbereich durch Wegzug aus dem Stadtkern und Vereinzelung der Wohnsituation.<\/p>\n<p>Bischof Algermissen hat am Donnerstag im Kontext seiner Visitation im Pastoralverbund St. Bonifatius Fulda mit den Vertretern der Gremien \u00fcber die Zukunftsperspektiven der Fuldaer Innenstadt gesprochen.<\/p>\n","protected":false},"excerpt":{"rendered":"<div class=\"tmnf_excerpt\"><p>Fulda (bpf). Dechant Stefan Bu\u00df, derzeit Pfarrer in Freigericht-Bernbach, ist mit Wirkung vom 1. Juli 2013 zum verantwortlichen Seelsorger der Dompfarrei Christus der Erl\u00f6ser und der Pfarrei St. Joseph in Fulda ernannt worden. Bu\u00df hatte sich auf die ihm angebotene Stelle beworben. Dar\u00fcber hinaus wird Pfarrer Bu\u00df nach dem Eintritt von Stadtpfarrer Monsignore Winfried Reith &hellip;<\/p>\n<\/div>","protected":false},"author":1,"featured_media":0,"comment_status":"closed","ping_status":"closed","sticky":false,"template":"","format":"standard","meta":{"footnotes":""},"categories":[1,50],"tags":[],"class_list":["post-103811","post","type-post","status-publish","format-standard","hentry","category-startseite","category-kirche"],"_links":{"self":[{"href":"https:\/\/www.fuldaernachrichten.de\/index.php?rest_route=\/wp\/v2\/posts\/103811","targetHints":{"allow":["GET"]}}],"collection":[{"href":"https:\/\/www.fuldaernachrichten.de\/index.php?rest_route=\/wp\/v2\/posts"}],"about":[{"href":"https:\/\/www.fuldaernachrichten.de\/index.php?rest_route=\/wp\/v2\/types\/post"}],"author":[{"embeddable":true,"href":"https:\/\/www.fuldaernachrichten.de\/index.php?rest_route=\/wp\/v2\/users\/1"}],"replies":[{"embeddable":true,"href":"https:\/\/www.fuldaernachrichten.de\/index.php?rest_route=%2Fwp%2Fv2%2Fcomments&post=103811"}],"version-history":[{"count":0,"href":"https:\/\/www.fuldaernachrichten.de\/index.php?rest_route=\/wp\/v2\/posts\/103811\/revisions"}],"wp:attachment":[{"href":"https:\/\/www.fuldaernachrichten.de\/index.php?rest_route=%2Fwp%2Fv2%2Fmedia&parent=103811"}],"wp:term":[{"taxonomy":"category","embeddable":true,"href":"https:\/\/www.fuldaernachrichten.de\/index.php?rest_route=%2Fwp%2Fv2%2Fcategories&post=103811"},{"taxonomy":"post_tag","embeddable":true,"href":"https:\/\/www.fuldaernachrichten.de\/index.php?rest_route=%2Fwp%2Fv2%2Ftags&post=103811"}],"curies":[{"name":"wp","href":"https:\/\/api.w.org\/{rel}","templated":true}]}}