{"id":103802,"date":"2012-11-11T00:10:12","date_gmt":"2012-11-11T00:10:12","guid":{"rendered":"http:\/\/www.fuldaer-nachrichten.de\/?p=103802"},"modified":"2012-11-11T09:44:49","modified_gmt":"2012-11-11T09:44:49","slug":"kab-ruft-zu-spenden-fur-erdbebenopfer-in-guatemala-auf","status":"publish","type":"post","link":"https:\/\/www.fuldaernachrichten.de\/?p=103802","title":{"rendered":"KAB ruft zu Spenden f\u00fcr Erdbebenopfer in Guatemala auf"},"content":{"rendered":"<p><strong>Fulda.<\/strong> Zu Spenden f\u00fcr die von dem verheerenden Erdbeben in San Marcos, Guatemala,betroffenen Menschen ruft die Katholische Arbeitnehmer-Bewegung (KAB) Fulda auf. \u201eWir sind ersch\u00fcttert \u00fcber die Zerst\u00f6rungen in Guatemala insbesondere in San Marcos wo unser Partnerverband MTC beheimatet ist\u201c \u00e4u\u00dferte sich KAB Di\u00f6zesansekret\u00e4r Michael Schmitt.<!--more--><\/p>\n<p>Sehr schwierig gestaltete sich f\u00fcr die KAB, den Kontakt zur MovimientoTrabajadores Campesinos (MTV) San Marcos aufzunehmen um n\u00e4here Informationen zu erhalten. Die Stromversorgung in San Marcos, und damit viele Verbindungen nach au\u00dfen, ist komplett zusammengebrochen. Aufgrund dieses Umstandes muss bef\u00fcrchtet werden, dass sich die derzeit in den Medien ver\u00f6ffentlichte Zahl von 40 Toten in der Region San Marcos noch erh\u00f6hen wird. Hunderte wurden verletzt und noch mehr Menschen haben Ihre Unterk\u00fcnfte verloren. In einem Teil der Stadt San Marcos sind fast alle H\u00e4user zerst\u00f6rt worden und es muss mit tausenden Obdachlosen gerechnet werden teilte die MTC mit.<\/p>\n<p>\u201eWir werden jetzt schnellstens versuchen den Menschen hier in San Marcos Hilfe zukommen zu lassen\u201c teilte Ana Aguado, Mitarbeiterin der MTC mit. Um diese Hilfe seitens der MTC zusammen mit anderen Organisationen leisten zu k\u00f6nnen, ist schnelle finanzielle Hilfe notwendig. F\u00fcr diese au\u00dferordentliche Notsituation bittet die KAB um Spenden auf das Konto:<\/p>\n<p>Solidarit\u00e4tswerk der KAB Fulda e.V. \u2013 Kontonummer: 51001113 bei der Sparkasse Fulda \u2013 BLZ 530 501 80 \u2013 Kennwort: Erdbeben Guatemala.<\/p>\n<p>Auf Wunsch, kann bei vollst\u00e4ndiger Adressangabe eine Zuwendungsbescheinigung ausgestellt werden. N\u00e4here Informationen werden in K\u00fcrze auf der Internetseite der KAB Fulda unter <a href=\"http:\/\/www.kab-fulda.de\">www.kab-fulda.de<\/a> nachzulesen sein.<\/p>\n<p>Hintergrundinformation:<\/p>\n<p>Die MTC feierte in diesem Jahr ihr 15-j\u00e4hriges Bestehen. Von Beginn an besteht zwischen dieser Landarbeiterbewegung (ca. 3.000 Mitglieder) und der KAB partnerschaftlicher Kontakt. Verschiedene Bildungsprojekte werden seitens der KAB Fulda seit Jahren gef\u00f6rdert.<\/p>\n<p>Schon im Jahr 2005 leistete die KAB Notfallhilfe nach den verheerenden Folgen des Wirbelsturms STAN. Dabei erwies sich die MTC als kompetenter Partner und konnte hunderten Familien mit Lebensmitteln und Grundausstattungen zur Lebensmittelzubereitung helfen. (Michael Schmitt)<\/p>\n<p>&nbsp;<\/p>\n","protected":false},"excerpt":{"rendered":"<div class=\"tmnf_excerpt\"><p>Fulda. Zu Spenden f\u00fcr die von dem verheerenden Erdbeben in San Marcos, Guatemala,betroffenen Menschen ruft die Katholische Arbeitnehmer-Bewegung (KAB) Fulda auf. \u201eWir sind ersch\u00fcttert \u00fcber die Zerst\u00f6rungen in Guatemala insbesondere in San Marcos wo unser Partnerverband MTC beheimatet ist\u201c \u00e4u\u00dferte sich KAB Di\u00f6zesansekret\u00e4r Michael Schmitt.<\/p>\n<\/div>","protected":false},"author":1,"featured_media":0,"comment_status":"closed","ping_status":"closed","sticky":false,"template":"","format":"standard","meta":{"footnotes":""},"categories":[1,50],"tags":[],"class_list":["post-103802","post","type-post","status-publish","format-standard","hentry","category-startseite","category-kirche"],"_links":{"self":[{"href":"https:\/\/www.fuldaernachrichten.de\/index.php?rest_route=\/wp\/v2\/posts\/103802","targetHints":{"allow":["GET"]}}],"collection":[{"href":"https:\/\/www.fuldaernachrichten.de\/index.php?rest_route=\/wp\/v2\/posts"}],"about":[{"href":"https:\/\/www.fuldaernachrichten.de\/index.php?rest_route=\/wp\/v2\/types\/post"}],"author":[{"embeddable":true,"href":"https:\/\/www.fuldaernachrichten.de\/index.php?rest_route=\/wp\/v2\/users\/1"}],"replies":[{"embeddable":true,"href":"https:\/\/www.fuldaernachrichten.de\/index.php?rest_route=%2Fwp%2Fv2%2Fcomments&post=103802"}],"version-history":[{"count":1,"href":"https:\/\/www.fuldaernachrichten.de\/index.php?rest_route=\/wp\/v2\/posts\/103802\/revisions"}],"predecessor-version":[{"id":103803,"href":"https:\/\/www.fuldaernachrichten.de\/index.php?rest_route=\/wp\/v2\/posts\/103802\/revisions\/103803"}],"wp:attachment":[{"href":"https:\/\/www.fuldaernachrichten.de\/index.php?rest_route=%2Fwp%2Fv2%2Fmedia&parent=103802"}],"wp:term":[{"taxonomy":"category","embeddable":true,"href":"https:\/\/www.fuldaernachrichten.de\/index.php?rest_route=%2Fwp%2Fv2%2Fcategories&post=103802"},{"taxonomy":"post_tag","embeddable":true,"href":"https:\/\/www.fuldaernachrichten.de\/index.php?rest_route=%2Fwp%2Fv2%2Ftags&post=103802"}],"curies":[{"name":"wp","href":"https:\/\/api.w.org\/{rel}","templated":true}]}}