{"id":103799,"date":"2012-11-09T00:17:07","date_gmt":"2012-11-09T00:17:07","guid":{"rendered":"http:\/\/www.fuldaer-nachrichten.de\/?p=103799"},"modified":"2012-11-08T13:36:45","modified_gmt":"2012-11-08T13:36:45","slug":"anasthesisten-des-klinikums-fulda-informierten-schuler-des-domgymnasiums-uber-das-fachgebiet-anasthesiologie","status":"publish","type":"post","link":"https:\/\/www.fuldaernachrichten.de\/?p=103799","title":{"rendered":"An\u00e4sthesisten des Klinikums Fulda  informierten Sch\u00fcler des Domgymnasiums \u00fcber das  Fachgebiet An\u00e4sthesiologie"},"content":{"rendered":"<p><img decoding=\"async\" class=\"alignleft size-thumbnail wp-image-103801\" title=\"DSC_7158\" src=\"http:\/\/www.fuldaer-nachrichten.de\/wp-content\/uploads\/2012\/11\/DSC_7158-265x175.jpg\" alt=\"\" width=\"265\" height=\"175\" srcset=\"https:\/\/www.fuldaernachrichten.de\/wp-content\/uploads\/2012\/11\/DSC_7158-265x175.jpg 265w, https:\/\/www.fuldaernachrichten.de\/wp-content\/uploads\/2012\/11\/DSC_7158.jpg 592w\" sizes=\"(max-width: 265px) 100vw, 265px\" \/>Fulda. Anl\u00e4sslich des Welt-An\u00e4sthesietages hat die Klinik f\u00fcr An\u00e4sthesiologie, Intensiv- und Notfallmedizin des Klinikums Fulda rund 70 Sch\u00fclerinnen und Sch\u00fcler des Leistungskurses Biologie vom Domgymnasium Fulda, in den H\u00f6rsaal eingeladen. Unter dem Motto \u201eLernen f\u00fcr die Praxis\u201c erhielten sie einen Einblick in die verschiedenen Bereiche des Fachgebiets.<!--more--><\/p>\n<p>Prof. Dr. Clemens-Alexander Greim (Direktor der Klinik f\u00fcr An\u00e4sthesiologie, Intensiv- und Notfallmedizin) begr\u00fc\u00dfte die Sch\u00fcler im H\u00f6rsaal und gab einen kurzen \u00dcberblick in die Entwicklung der An\u00e4sthesie. Vor rund 165 Jahren l\u00e4utete die erste \u00c4thernarkose den Beginn der modernen An\u00e4sthesie ein. Aber erst vor etwa 60 Jahren wurde mit der \u201eAn\u00e4sthesiologie\u201c ein eigenst\u00e4ndiges medizinisches Fachgebiet geschaffen.<\/p>\n<p><img decoding=\"async\" class=\"alignleft size-thumbnail wp-image-103800\" title=\"DSC_7111\" src=\"http:\/\/www.fuldaer-nachrichten.de\/wp-content\/uploads\/2012\/11\/DSC_7111-265x175.jpg\" alt=\"\" width=\"265\" height=\"175\" srcset=\"https:\/\/www.fuldaernachrichten.de\/wp-content\/uploads\/2012\/11\/DSC_7111-265x175.jpg 265w, https:\/\/www.fuldaernachrichten.de\/wp-content\/uploads\/2012\/11\/DSC_7111.jpg 592w\" sizes=\"(max-width: 265px) 100vw, 265px\" \/>Die Narkose ist ein sicheres medizinisches Verfahren, dessen Komplikationsrate sehr gering ist. Dennoch kann es in Abh\u00e4ngigkeit von Operationsverfahren und dem k\u00f6rperlichen Zustand des Patienten zu Begleiterscheinungen wie \u00dcbelkeit, Erbrechen, allergischen Reaktionen oder Schmerzen nach dem Eingriff kommen. Die professionelle Arbeit der An\u00e4sthesisten tr\u00e4gt ma\u00dfgeblich dazu bei, diese Risiken zu mindern. Die Ober\u00e4rzte Dr. Wolfram Beres und Dr. Arndt K\u00f6bler erl\u00e4uterten das T\u00e4tigkeitsfeld des An\u00e4sthesisten, das sich neben der Narkosef\u00fchrung auch auf die Intensivmedizin, Notfallmedizin und Schmerztherapie erstreckt. \u201eUm Facharzt f\u00fcr An\u00e4sthesiologie zu werden ist Abitur Grundvoraussetzung. Danach erfolgt ein 6-j\u00e4hriges Medizinstudium, dem sich nochmals eine 5-j\u00e4hrige Assistenzarztzeit anschlie\u00dft. Facharzt ist man demnach fr\u00fchestens nach 11 Jahren \u2013 aber glaubt mir: es lohnt sich\u201c, beteuerte Dr. Beres. An\u00e4sthesisten sind speziell ausgebildete \u00c4rzte, die nach der Facharztanerkennung noch weitere\u00c2\u00a0 Qualifikationen z.B. in der Speziellen Intensivmedizin erlangen k\u00f6nnen.<\/p>\n<p>Am Klinikum Fulda f\u00fchren die An\u00e4sthesisten j\u00e4hrlich \u00fcber 15.000 Narkosen mit einem hohen Anteil an Regionalan\u00e4sthesien durch. Dar\u00fcber hinaus versorgen sie als Intensivmediziner die operative Intensivstation mit ca. 1.800 Patienten pro Jahr. Die Notfallmedizin &#8211; inkl. Notarzteinsatzfahrzeug (NEF) und den Rettungshubschrauber \u2013 sowie die Schmerztherapie werden ebenso durch das Team rund um Prof. Dr. Greim abgedeckt.<\/p>\n<p>Die Assistenz\u00e4rzte Dr. Stefan Bleise und Dr. Maria Kamrad demonstrierten unter dem Motto \u201eErste Hilfe: die Laienreanimation\u201c eine Reanimation anhand einer \u00dcbungspuppe und zeigten, wie kritisch kranke Patienten (z.B. an einer Unfallstelle) stabilisiert werden k\u00f6nnen. \u201eJeder kann Leben retten\u201c, betonte Dr. Bleise. Die Laienreanimation nehme einen gro\u00dfen Stellenwert in der Rettungskette ein. \u201eH\u00e4ufig haben Ersthelfer am Unfallort Angst, mit Wiederbelebungsma\u00dfnahmen Fehler zu begehen. Doch gerade durch eine fr\u00fchzeitig eingeleitete Herzdruckmassage verbessern sich die \u00dcberlebenschancen der Patienten deutlich\u201c, erl\u00e4uterte Dr. K\u00f6bler<\/p>\n<p>Fasziniert zeigten sich die Sch\u00fclerinnen und Sch\u00fcler \u00fcber den von den An\u00e4sthesisten selbst gedrehten Film, der nach dem Vorbild \u201eDie Sendung mit der Maus\u201c entstanden ist: Anhand lebhaft dargestellter Filmsequenzen zeigte er den Tagesablauf der Assistenz\u00e4rztin Dr. Kamrad auf, so dass sich die Sch\u00fcler ein besseres Bild von dem Beruf machen konnten. \u201eEs gibt in unserem Beruf viele M\u00f6glichkeiten, Familie und Beruf zu vereinbaren\u201c, so Dr. Kamrad. Im Anschluss an die H\u00f6rsaalveranstaltung folgten noch F\u00fchrungen ins Rettungszentrum &#8211; mit Besichtigung des ADAC-Hubschraubers und der NEF -\u00c2\u00a0 sowie in den Schockraum der Zentralen Notaufnahme. Am Ende des praxisorientierten Unterrichts bedankte sich Dr. Christine Ziegler (Fachsprecherin f\u00fcr Biologie, Domgymnasium) im Namen der Sch\u00fcler sowie der begleitenden Lehrkr\u00e4fte bei dem jungen Team der An\u00e4sthesisten f\u00fcr die gelungene Veranstaltung.<\/p>\n","protected":false},"excerpt":{"rendered":"<div class=\"tmnf_excerpt\"><p>Fulda. Anl\u00e4sslich des Welt-An\u00e4sthesietages hat die Klinik f\u00fcr An\u00e4sthesiologie, Intensiv- und Notfallmedizin des Klinikums Fulda rund 70 Sch\u00fclerinnen und Sch\u00fcler des Leistungskurses Biologie vom Domgymnasium Fulda, in den H\u00f6rsaal eingeladen. Unter dem Motto \u201eLernen f\u00fcr die Praxis\u201c erhielten sie einen Einblick in die verschiedenen Bereiche des Fachgebiets.<\/p>\n<\/div>","protected":false},"author":1,"featured_media":0,"comment_status":"closed","ping_status":"closed","sticky":false,"template":"","format":"standard","meta":{"footnotes":""},"categories":[1,51],"tags":[],"class_list":["post-103799","post","type-post","status-publish","format-standard","hentry","category-startseite","category-medizin"],"_links":{"self":[{"href":"https:\/\/www.fuldaernachrichten.de\/index.php?rest_route=\/wp\/v2\/posts\/103799","targetHints":{"allow":["GET"]}}],"collection":[{"href":"https:\/\/www.fuldaernachrichten.de\/index.php?rest_route=\/wp\/v2\/posts"}],"about":[{"href":"https:\/\/www.fuldaernachrichten.de\/index.php?rest_route=\/wp\/v2\/types\/post"}],"author":[{"embeddable":true,"href":"https:\/\/www.fuldaernachrichten.de\/index.php?rest_route=\/wp\/v2\/users\/1"}],"replies":[{"embeddable":true,"href":"https:\/\/www.fuldaernachrichten.de\/index.php?rest_route=%2Fwp%2Fv2%2Fcomments&post=103799"}],"version-history":[{"count":0,"href":"https:\/\/www.fuldaernachrichten.de\/index.php?rest_route=\/wp\/v2\/posts\/103799\/revisions"}],"wp:attachment":[{"href":"https:\/\/www.fuldaernachrichten.de\/index.php?rest_route=%2Fwp%2Fv2%2Fmedia&parent=103799"}],"wp:term":[{"taxonomy":"category","embeddable":true,"href":"https:\/\/www.fuldaernachrichten.de\/index.php?rest_route=%2Fwp%2Fv2%2Fcategories&post=103799"},{"taxonomy":"post_tag","embeddable":true,"href":"https:\/\/www.fuldaernachrichten.de\/index.php?rest_route=%2Fwp%2Fv2%2Ftags&post=103799"}],"curies":[{"name":"wp","href":"https:\/\/api.w.org\/{rel}","templated":true}]}}