{"id":103797,"date":"2012-11-09T00:20:40","date_gmt":"2012-11-09T00:20:40","guid":{"rendered":"http:\/\/www.fuldaer-nachrichten.de\/?p=103797"},"modified":"2012-11-08T13:34:15","modified_gmt":"2012-11-08T13:34:15","slug":"anonymer-spender-begluckt-werdende-familie-deutsche-familienstiftung-vermittelt","status":"publish","type":"post","link":"https:\/\/www.fuldaernachrichten.de\/?p=103797","title":{"rendered":"Anonymer Spender begl\u00fcckt werdende Familie &#8211; Deutsche Familienstiftung vermittelt"},"content":{"rendered":"<p><img fetchpriority=\"high\" decoding=\"async\" class=\"alignleft size-thumbnail wp-image-103798\" title=\"Chicco121026\" src=\"http:\/\/www.fuldaer-nachrichten.de\/wp-content\/uploads\/2012\/11\/Chicco121026-265x353.jpg\" alt=\"\" width=\"265\" height=\"353\" srcset=\"https:\/\/www.fuldaernachrichten.de\/wp-content\/uploads\/2012\/11\/Chicco121026-265x353.jpg 265w, https:\/\/www.fuldaernachrichten.de\/wp-content\/uploads\/2012\/11\/Chicco121026-198x265.jpg 198w, https:\/\/www.fuldaernachrichten.de\/wp-content\/uploads\/2012\/11\/Chicco121026.jpg 399w\" sizes=\"(max-width: 265px) 100vw, 265px\" \/>Fulda. \u201eSo viele hochwertige und hilfreiche Dinge nur f\u00fcr unsere Familie!\u201c Mutter Suzette kann es kaum fassen. \u00dcber Kontakte der Deutschen Familienstiftung wurde der Familie S. eine Sachspende in H\u00f6he von 1300,- Euro vermittelt.\u00c2\u00a0 Auch Vater Sebastian ist begeistert: \u201eDer Kinderwagen, die Babyschale und das Stillkissen kommen uns wie gerufen!\u201c, denn Sebastian \u00c2\u00a0befindet sich noch in der Ausbildung, so dass die Familie mit geringen finanziellen Mitteln auskommen muss.<\/p>\n<p>Finanziert wurde der Bedarf f\u00fcr das Baby \u00fcber einen anonymen Spender, und die Firma Chicco stellte als Materialgeber die f\u00fcr die Familie dringend notwendigen Gegenst\u00e4nde zur Verf\u00fcgung. Dass die Spende genau da ankommt, wo sie gebraucht wird, erfreut den Spender ganz besonders, ist er doch \u00fcberzeugt: \u201eWas soll ich Familien in Afrika etwas spenden, wenn es in Fulda genauso ben\u00f6tigt wird!\u201c Die inzwischen frischgebackene junge Mutter ist nun eine gro\u00dfe Sorge los und kann entspannt in die Zukunft blicken. \u201eJetzt haben wir alles, was n\u00f6tig ist und dar\u00fcber hinaus noch viel mehr.\u201c Die betreuende Familien-Hebamme Christiane Krick wei\u00df: \u201eDiese Spende hat das Paar auf jeden Fall verdient, denn sie haben sich von Anfang an sehr bem\u00fcht, alles richtig zu machen.\u201c<!--more--><\/p>\n<p>\u201eSo wie diese Einzelspende zustande kam, so k\u00f6nnen wir auch andere Dinge gut vernetzen, sodass Fuldaer Familien etwas davon haben\u201c, erl\u00e4utert Prof. Ludwig Sp\u00e4tling, Erster Vorsitzender der Deutschen Familienstiftung, das Konzept. Der Direktor der Frauenklinik im Klinikum Fulda setzt sich seit \u00fcber zehn Jahren f\u00fcr die St\u00e4rkung der Partnerschaft und somit der Familie ein und weist in diesem Zusammenhang auf die von der Stiftung getragene Geburts- und Familienvorbereitung hin, die jungen Familien in der Familiengr\u00fcndungsphase mit Beratung und Wissen zur Seite steht. Weitere Informationen unter <a href=\"http:\/\/www.deutsche-familienstiftung.de\" target=\"_blank\">www.deutsche-familienstiftung.de<\/a>.<\/p>\n","protected":false},"excerpt":{"rendered":"<div class=\"tmnf_excerpt\"><p>Fulda. \u201eSo viele hochwertige und hilfreiche Dinge nur f\u00fcr unsere Familie!\u201c Mutter Suzette kann es kaum fassen. \u00dcber Kontakte der Deutschen Familienstiftung wurde der Familie S. eine Sachspende in H\u00f6he von 1300,- Euro vermittelt.\u00c2\u00a0 Auch Vater Sebastian ist begeistert: \u201eDer Kinderwagen, die Babyschale und das Stillkissen kommen uns wie gerufen!\u201c, denn Sebastian \u00c2\u00a0befindet sich noch &hellip;<\/p>\n<\/div>","protected":false},"author":1,"featured_media":0,"comment_status":"closed","ping_status":"closed","sticky":false,"template":"","format":"standard","meta":{"footnotes":""},"categories":[1,72],"tags":[],"class_list":["post-103797","post","type-post","status-publish","format-standard","hentry","category-startseite","category-jugend"],"_links":{"self":[{"href":"https:\/\/www.fuldaernachrichten.de\/index.php?rest_route=\/wp\/v2\/posts\/103797","targetHints":{"allow":["GET"]}}],"collection":[{"href":"https:\/\/www.fuldaernachrichten.de\/index.php?rest_route=\/wp\/v2\/posts"}],"about":[{"href":"https:\/\/www.fuldaernachrichten.de\/index.php?rest_route=\/wp\/v2\/types\/post"}],"author":[{"embeddable":true,"href":"https:\/\/www.fuldaernachrichten.de\/index.php?rest_route=\/wp\/v2\/users\/1"}],"replies":[{"embeddable":true,"href":"https:\/\/www.fuldaernachrichten.de\/index.php?rest_route=%2Fwp%2Fv2%2Fcomments&post=103797"}],"version-history":[{"count":0,"href":"https:\/\/www.fuldaernachrichten.de\/index.php?rest_route=\/wp\/v2\/posts\/103797\/revisions"}],"wp:attachment":[{"href":"https:\/\/www.fuldaernachrichten.de\/index.php?rest_route=%2Fwp%2Fv2%2Fmedia&parent=103797"}],"wp:term":[{"taxonomy":"category","embeddable":true,"href":"https:\/\/www.fuldaernachrichten.de\/index.php?rest_route=%2Fwp%2Fv2%2Fcategories&post=103797"},{"taxonomy":"post_tag","embeddable":true,"href":"https:\/\/www.fuldaernachrichten.de\/index.php?rest_route=%2Fwp%2Fv2%2Ftags&post=103797"}],"curies":[{"name":"wp","href":"https:\/\/api.w.org\/{rel}","templated":true}]}}