{"id":103790,"date":"2012-11-09T00:09:58","date_gmt":"2012-11-09T00:09:58","guid":{"rendered":"http:\/\/www.fuldaer-nachrichten.de\/?p=103790"},"modified":"2012-11-08T10:30:42","modified_gmt":"2012-11-08T10:30:42","slug":"uber-100-kinder-und-jugendliche-zeigen-heute-inklusion-beim-hiphop-musical-durch-meine-augen-2-0-mit-eko-fresh","status":"publish","type":"post","link":"https:\/\/www.fuldaernachrichten.de\/?p=103790","title":{"rendered":"\u00dcber 100 Kinder und Jugendliche zeigen heute Inklusion beim HipHop Musical \u201eDurch meine Augen 2.0\u201c mit Eko Fresh"},"content":{"rendered":"<p><img fetchpriority=\"high\" decoding=\"async\" class=\"alignnone size-full wp-image-103791\" title=\"durchmeineaugen4\" src=\"http:\/\/www.fuldaer-nachrichten.de\/wp-content\/uploads\/2012\/11\/durchmeineaugen4.jpg\" alt=\"\" width=\"560\" height=\"359\" \/><\/p>\n<p>Fulda. Heute Abend wird in der Fuldaer Esperantohalle ein integratives HipHop Musical aufgef\u00fchrt. Doch manch einer kann sich unter einem HipHop Musical wenig vorstellen. \u201eDass wir uns f\u00fcr diese Musikrichtung entschieden haben ist sozusagen ein Nebeneffekt. Durch meine Augen 2.0\u00e2\u20ac\u2122 ist ein Projekt von KiTz (Kinder im Takt zusammenf\u00fchren) und der Schwerpunkt liegt dabei nicht auf der Musikrichtung sondern auf der Integration, Inklusion und der Suchtpr\u00e4vention.\u201c erkl\u00e4rt Initiator Dr. Wolfram Geiger.<!--more--><\/p>\n<p><img decoding=\"async\" class=\"alignleft size-thumbnail wp-image-103792\" title=\"durchmeineaugen3\" src=\"http:\/\/www.fuldaer-nachrichten.de\/wp-content\/uploads\/2012\/11\/durchmeineaugen3-265x176.jpg\" alt=\"\" width=\"265\" height=\"176\" srcset=\"https:\/\/www.fuldaernachrichten.de\/wp-content\/uploads\/2012\/11\/durchmeineaugen3-265x176.jpg 265w, https:\/\/www.fuldaernachrichten.de\/wp-content\/uploads\/2012\/11\/durchmeineaugen3.jpg 600w\" sizes=\"(max-width: 265px) 100vw, 265px\" \/>\u201eDennoch ist die Musikrichtung bei diesem St\u00fcck sehr ansprechend \u2013 sie ist keine Frage des Musikgeschmacks sondern Bote\u201c. Das dritte Projekt von KiTz nach farbula und ImaGO bediene sich des Raps und auch gewisserma\u00dfen des Starrapers Eko Fresh, um die Altersklasse der Jugendlichen zu erreichen. \u201eDiese Jugendliche sind vornehmlich zwischen 12 und 16 Jahre alt. Es ist nicht einfach, diese Alterklasse f\u00fcr Inklusion, Toleranz und Respekt zu sensibilisieren. Und genau deshalb bedienen wir uns ihrer Sprache und Musik.\u201c erkl\u00e4rt Dr. Geiger weiter.<\/p>\n<p>Bisher mit Erfolg: \u00dcber 100 Kinder nehmen an dem Projekt teil und der Kartenvorverkauf l\u00e4uft gut. \u201eWir freuen uns besonders, dass Schulklassen ein gro\u00dfes Interesse haben, sich gemeinsam das Musical anzuschauen. Sie repr\u00e4sentieren genau die Gruppe von Menschen, die wir besonders erreichen und<strong> <\/strong>sensibilisieren wollen. Deshalb gibt es f\u00fcr Schulklassen auch erm\u00e4\u00dfigte Gruppentickets.\u201c<\/p>\n<p>Um Nachhaltigkeit und Effektivit\u00e4t zu erlangen, aber auch gleichzeitig professionell aufgestellt zu sein, wurde der Kontakt zu regionalen und \u00fcberregionalen Fachleuten gesucht. Daraus ist die Kooperation von Staatlichen Schulamt Fulda, den Fachstellen f\u00fcr Suchtpr\u00e4vention der Diakonie und Caritas, sowie der Stiftung Sehnsucht aus M\u00fcnchen entstanden. Auch die Drogenbeauftragte der Bundesregierung Mechthild Dyckmans begr\u00fc\u00dft das bundesweit einmalige Konzept von KiTz und \u00fcbernimmt die Schirmherrschaft \u00fcber das Musical.<\/p>\n<p>Nun gibt es eine weitere W\u00fcrdigung des Projekts: \u201eWir freuen uns sehr \u00fcber die Entscheidung Frau Dyckmans \u201eDurch meine Augen 2.0\u201c als Projekt des Monats November der Drogenbauftragten zu erkl\u00e4ren. Es ist eine gro\u00dfe Ehre f\u00fcr uns.\u201c, freut sich Dr. Wolfram Geiger.<\/p>\n<p>\u201eKinder stark zu machen f\u00fcr ein selbstbewusstes und selbstbestimmtes Leben hei\u00dft auch, sie \u00fcber die Wirkung und Risiken etwa des Alkohol-, Tabak- oder Drogenkonsums aufzukl\u00e4ren. Ich freue mich daher sehr, dass das von Kindern und Jugendlichen gestaltete Musical &#8220;Durch meine Augen&#8221; diese Themen anspricht\u201c, begr\u00fcndet Mechthild Dychmans ihre Entscheidung. Weiterhin w\u00fcnscht sie allen Mitwirkenden \u201eToi, toi, toi!\u201c<\/p>\n<p><a href=\"http:\/\/durchmeineaugen.com\/\">durchmeineaugen.com<\/a><\/p>\n","protected":false},"excerpt":{"rendered":"<div class=\"tmnf_excerpt\"><p>Fulda. Heute Abend wird in der Fuldaer Esperantohalle ein integratives HipHop Musical aufgef\u00fchrt. Doch manch einer kann sich unter einem HipHop Musical wenig vorstellen. \u201eDass wir uns f\u00fcr diese Musikrichtung entschieden haben ist sozusagen ein Nebeneffekt. Durch meine Augen 2.0\u00e2\u20ac\u2122 ist ein Projekt von KiTz (Kinder im Takt zusammenf\u00fchren) und der Schwerpunkt liegt dabei nicht &hellip;<\/p>\n<\/div>","protected":false},"author":1,"featured_media":0,"comment_status":"closed","ping_status":"closed","sticky":false,"template":"","format":"standard","meta":{"footnotes":""},"categories":[1,44,78],"tags":[],"class_list":["post-103790","post","type-post","status-publish","format-standard","hentry","category-startseite","category-kultur","category-topthema"],"_links":{"self":[{"href":"https:\/\/www.fuldaernachrichten.de\/index.php?rest_route=\/wp\/v2\/posts\/103790","targetHints":{"allow":["GET"]}}],"collection":[{"href":"https:\/\/www.fuldaernachrichten.de\/index.php?rest_route=\/wp\/v2\/posts"}],"about":[{"href":"https:\/\/www.fuldaernachrichten.de\/index.php?rest_route=\/wp\/v2\/types\/post"}],"author":[{"embeddable":true,"href":"https:\/\/www.fuldaernachrichten.de\/index.php?rest_route=\/wp\/v2\/users\/1"}],"replies":[{"embeddable":true,"href":"https:\/\/www.fuldaernachrichten.de\/index.php?rest_route=%2Fwp%2Fv2%2Fcomments&post=103790"}],"version-history":[{"count":0,"href":"https:\/\/www.fuldaernachrichten.de\/index.php?rest_route=\/wp\/v2\/posts\/103790\/revisions"}],"wp:attachment":[{"href":"https:\/\/www.fuldaernachrichten.de\/index.php?rest_route=%2Fwp%2Fv2%2Fmedia&parent=103790"}],"wp:term":[{"taxonomy":"category","embeddable":true,"href":"https:\/\/www.fuldaernachrichten.de\/index.php?rest_route=%2Fwp%2Fv2%2Fcategories&post=103790"},{"taxonomy":"post_tag","embeddable":true,"href":"https:\/\/www.fuldaernachrichten.de\/index.php?rest_route=%2Fwp%2Fv2%2Ftags&post=103790"}],"curies":[{"name":"wp","href":"https:\/\/api.w.org\/{rel}","templated":true}]}}