{"id":103788,"date":"2012-11-09T00:19:17","date_gmt":"2012-11-09T00:19:17","guid":{"rendered":"http:\/\/www.fuldaer-nachrichten.de\/?p=103788"},"modified":"2012-11-08T13:35:02","modified_gmt":"2012-11-08T13:35:02","slug":"tanz-freunde-fulda-christa-und-rainer-bruhl-funfte-bei-landesmeisterschaft","status":"publish","type":"post","link":"https:\/\/www.fuldaernachrichten.de\/?p=103788","title":{"rendered":"Tanz-Freunde Fulda: Christa und Rainer Br\u00fchl F\u00fcnfte bei Landesmeisterschaft"},"content":{"rendered":"<p><img decoding=\"async\" class=\"alignleft size-thumbnail wp-image-103789\" title=\"DSC07276\" src=\"http:\/\/www.fuldaer-nachrichten.de\/wp-content\/uploads\/2012\/11\/DSC07276-265x176.jpg\" alt=\"\" width=\"265\" height=\"176\" srcset=\"https:\/\/www.fuldaernachrichten.de\/wp-content\/uploads\/2012\/11\/DSC07276-265x176.jpg 265w, https:\/\/www.fuldaernachrichten.de\/wp-content\/uploads\/2012\/11\/DSC07276.jpg 600w\" sizes=\"(max-width: 265px) 100vw, 265px\" \/><strong>Fulda<\/strong> (brg) Wichtige Punkte auf dem Weg in die n\u00e4chste Standard-Tanzklasse sammelten Rainer und Christa Br\u00fchl am vergangenen Sonntag bei den Landesmeisterschaften der Senioren II C-Standardklasse in Lorsch. Wieder einmal zeigte sich, dass eine Meisterschaft f\u00fcr Turnierpaare eine ganz besondere sportliche Herausforderung ist, treffen sich doch hier die besten T\u00e4nzer eines Bundeslandes zum t\u00e4nzerischen Wettkampf. In einem Starterfeld von 13 Tanzpaaren qualifizierten sich Br\u00fchls mit gewohnter Souver\u00e4nit\u00e4t \u00fcber eine Vor- und Zwischenrunde sicher f\u00fcr die sechspaarige Endrunde. In dieser Endrunde fiel die Meinung der f\u00fcnf Wertungsrichter recht unterschiedlich aus und trotz einiger \u201eDreier\u201c und \u201eVierer\u201c belegte das Tanz-Freunde-Paar in der Schlusswertung dann den f\u00fcnften Platz. Zufrieden mit diesem guten Abschneiden bei einer Landesmeisterschaft verabschieden sich Rainer und Christa Br\u00fchl in eine kurze Winterpause, um n\u00e4chstes Jahr mit neuer Energie durchzustarten.<\/p>\n","protected":false},"excerpt":{"rendered":"<div class=\"tmnf_excerpt\"><p>Fulda (brg) Wichtige Punkte auf dem Weg in die n\u00e4chste Standard-Tanzklasse sammelten Rainer und Christa Br\u00fchl am vergangenen Sonntag bei den Landesmeisterschaften der Senioren II C-Standardklasse in Lorsch. Wieder einmal zeigte sich, dass eine Meisterschaft f\u00fcr Turnierpaare eine ganz besondere sportliche Herausforderung ist, treffen sich doch hier die besten T\u00e4nzer eines Bundeslandes zum t\u00e4nzerischen Wettkampf. &hellip;<\/p>\n<\/div>","protected":false},"author":1,"featured_media":0,"comment_status":"closed","ping_status":"closed","sticky":false,"template":"","format":"standard","meta":{"footnotes":""},"categories":[1,46],"tags":[],"class_list":["post-103788","post","type-post","status-publish","format-standard","hentry","category-startseite","category-sport"],"_links":{"self":[{"href":"https:\/\/www.fuldaernachrichten.de\/index.php?rest_route=\/wp\/v2\/posts\/103788","targetHints":{"allow":["GET"]}}],"collection":[{"href":"https:\/\/www.fuldaernachrichten.de\/index.php?rest_route=\/wp\/v2\/posts"}],"about":[{"href":"https:\/\/www.fuldaernachrichten.de\/index.php?rest_route=\/wp\/v2\/types\/post"}],"author":[{"embeddable":true,"href":"https:\/\/www.fuldaernachrichten.de\/index.php?rest_route=\/wp\/v2\/users\/1"}],"replies":[{"embeddable":true,"href":"https:\/\/www.fuldaernachrichten.de\/index.php?rest_route=%2Fwp%2Fv2%2Fcomments&post=103788"}],"version-history":[{"count":0,"href":"https:\/\/www.fuldaernachrichten.de\/index.php?rest_route=\/wp\/v2\/posts\/103788\/revisions"}],"wp:attachment":[{"href":"https:\/\/www.fuldaernachrichten.de\/index.php?rest_route=%2Fwp%2Fv2%2Fmedia&parent=103788"}],"wp:term":[{"taxonomy":"category","embeddable":true,"href":"https:\/\/www.fuldaernachrichten.de\/index.php?rest_route=%2Fwp%2Fv2%2Fcategories&post=103788"},{"taxonomy":"post_tag","embeddable":true,"href":"https:\/\/www.fuldaernachrichten.de\/index.php?rest_route=%2Fwp%2Fv2%2Ftags&post=103788"}],"curies":[{"name":"wp","href":"https:\/\/api.w.org\/{rel}","templated":true}]}}