{"id":103786,"date":"2012-11-09T00:12:58","date_gmt":"2012-11-09T00:12:58","guid":{"rendered":"http:\/\/www.fuldaer-nachrichten.de\/?p=103786"},"modified":"2012-11-08T10:18:43","modified_gmt":"2012-11-08T10:18:43","slug":"bundnis-fur-familie-arbeitsgruppe-gesundheit-und-pflege-trifft-sich-in-lauterbach","status":"publish","type":"post","link":"https:\/\/www.fuldaernachrichten.de\/?p=103786","title":{"rendered":"B\u00fcndnis f\u00fcr Familie: Arbeitsgruppe \u201eGesundheit und Pflege\u201c trifft sich in Lauterbach"},"content":{"rendered":"<p>Fulda. Am Mittwoch, 14. November, treffen sich die Mitglieder aus dem Handlungsfeld \u201eGesundheit und Pflege\u201c um 16.30 Uhr zum zwanzigsten Mal in Lauterbach. Tagungsort ist diesmal der Konferenzraum im AWO-Sozialzentrum, Bilsteinweg 1. Die Sprecher der Gruppe, Heike Bohl und Hans-Dieter Herget, hoffen auf regen Zuspruch. In der Sitzung wird berichtet \u00fcber die bisherige Arbeit des B\u00fcndnisses, insbesondere \u00fcber die beiden Pflegeaktionstage in Schotten und M\u00fccke. Des Weiteren wird die Diskussion fortgef\u00fchrt \u00fcber das Vorgehen in Sachen Fachkr\u00e4ftemangel. Informationen \u00fcber die Koordinierungsstelle des Familienb\u00fcndnisses in der Kreisverwaltung: Telefon 06641 \/ 977-3404, sandra.obenhack@vogelsbergkreis.de<\/p>\n","protected":false},"excerpt":{"rendered":"<div class=\"tmnf_excerpt\"><p>Fulda. Am Mittwoch, 14. November, treffen sich die Mitglieder aus dem Handlungsfeld \u201eGesundheit und Pflege\u201c um 16.30 Uhr zum zwanzigsten Mal in Lauterbach. Tagungsort ist diesmal der Konferenzraum im AWO-Sozialzentrum, Bilsteinweg 1. Die Sprecher der Gruppe, Heike Bohl und Hans-Dieter Herget, hoffen auf regen Zuspruch. In der Sitzung wird berichtet \u00fcber die bisherige Arbeit des &hellip;<\/p>\n<\/div>","protected":false},"author":1,"featured_media":0,"comment_status":"closed","ping_status":"closed","sticky":false,"template":"","format":"standard","meta":{"footnotes":""},"categories":[1,51],"tags":[],"class_list":["post-103786","post","type-post","status-publish","format-standard","hentry","category-startseite","category-medizin"],"_links":{"self":[{"href":"https:\/\/www.fuldaernachrichten.de\/index.php?rest_route=\/wp\/v2\/posts\/103786","targetHints":{"allow":["GET"]}}],"collection":[{"href":"https:\/\/www.fuldaernachrichten.de\/index.php?rest_route=\/wp\/v2\/posts"}],"about":[{"href":"https:\/\/www.fuldaernachrichten.de\/index.php?rest_route=\/wp\/v2\/types\/post"}],"author":[{"embeddable":true,"href":"https:\/\/www.fuldaernachrichten.de\/index.php?rest_route=\/wp\/v2\/users\/1"}],"replies":[{"embeddable":true,"href":"https:\/\/www.fuldaernachrichten.de\/index.php?rest_route=%2Fwp%2Fv2%2Fcomments&post=103786"}],"version-history":[{"count":0,"href":"https:\/\/www.fuldaernachrichten.de\/index.php?rest_route=\/wp\/v2\/posts\/103786\/revisions"}],"wp:attachment":[{"href":"https:\/\/www.fuldaernachrichten.de\/index.php?rest_route=%2Fwp%2Fv2%2Fmedia&parent=103786"}],"wp:term":[{"taxonomy":"category","embeddable":true,"href":"https:\/\/www.fuldaernachrichten.de\/index.php?rest_route=%2Fwp%2Fv2%2Fcategories&post=103786"},{"taxonomy":"post_tag","embeddable":true,"href":"https:\/\/www.fuldaernachrichten.de\/index.php?rest_route=%2Fwp%2Fv2%2Ftags&post=103786"}],"curies":[{"name":"wp","href":"https:\/\/api.w.org\/{rel}","templated":true}]}}