{"id":103785,"date":"2012-11-08T00:14:01","date_gmt":"2012-11-08T00:14:01","guid":{"rendered":"http:\/\/www.fuldaer-nachrichten.de\/?p=103785"},"modified":"2012-11-08T10:22:09","modified_gmt":"2012-11-08T10:22:09","slug":"erster-hessischer-gesundheitspreis-sozialminister-ehrt-vier-projekte-aus-den-bereichen-gesundheitsforderung-und-pravention","status":"publish","type":"post","link":"https:\/\/www.fuldaernachrichten.de\/?p=103785","title":{"rendered":"Erster Hessischer Gesundheitspreis &#8211; Sozialminister ehrt vier Projekte aus den Bereichen Gesundheitsf\u00f6rderung und Pr\u00e4vention"},"content":{"rendered":"<p>Wiesbaden. Zum ersten Mal hat der Hessische Sozialminister Stefan Gr\u00fcttner heute den Hessischen Gesundheitspreis der Landesregierung vergeben. Preistr\u00e4ger sind vier Initiativen aus Frankfurt, Wiesbaden und Marburg, welche die Gesundheit der hessischen B\u00fcrgerinnen und B\u00fcrger auf beispielhafte Weise f\u00f6rdern. \u201eGute Gesundheit und der Erhalt von Lebensqualit\u00e4t sind zentrale Voraussetzungen f\u00fcr alle privaten Aktivit\u00e4ten und Pl\u00e4ne, ob in Beruf, in der Familie oder in der Freizeit\u201c, betonte Gr\u00fcttner. Durch den Hessischen Gesundheitspreis sollen vorbildliche Gesundheitsf\u00f6rderungs- und Pr\u00e4ventionsprojekte eine Plattform erhalten, um so als Vorbild f\u00fcr eine Umsetzung auch an einem anderen Ort in Hessen zu dienen.<!--more--><br \/>\nSozialminister Gr\u00fcttner unterstrich die Bedeutung des Pr\u00e4ventionsgedankens: \u201eDie St\u00e4rkung von Pr\u00e4vention und Gesundheitsf\u00f6rderung ist eine gesamtgesellschaftliche Aufgabe, an der sich alle beteiligen sollten. Angesichts des demographischen Wandels wird es k\u00fcnftig noch mehr als bisher darauf ankommen, die Gesundheitskompetenz in allen Lebensphasen zu st\u00e4rken. Vorbeugende, sch\u00fctzende und st\u00fctzende Ma\u00dfnahmen, die dem Erhalt oder der Verbesserung der Gesundheit dienen, werden immer wichtiger\u201c.<\/p>\n<p>Aus \u00fcber 100 Bewerbungen f\u00fcr den Hessischen Gesundheitspreis hat eine sieben k\u00f6pfige Jury in insgesamt vier Kategorien innovative Projekte ausgew\u00e4hlt, die Wege zum gesunden Leben aufzeigen, aber auch die St\u00e4rkung von Gesundheitsressourcen in den Lebenswelten der Menschen erm\u00f6glichen und damit die individuelle Gesundheit und Lebensqualit\u00e4t des Einzelnen st\u00e4rken.<\/p>\n<p><strong>Preistr\u00e4ger:<\/strong><\/p>\n<p><strong>\u201eNULL bis SECHS \u2013 Pr\u00e4ventive Beratung f\u00fcr Eltern &amp; Kindertagesst\u00e4tten\u201c<\/strong><br \/>\nDer Gewinner in der Kategorie \u201eGesund Aufwachsen\u201c ist das Projekt\u00c2\u00a0 \u201eNULL bis SECHS \u2013 Pr\u00e4ventive Beratung f\u00fcr Eltern &amp; Kindertagesst\u00e4tten\u201c vom Kinderzentrum Wei\u00dfer Stein Marburg, Landkreis Marburg-Biedenkopf. Das Projekt geht unter Beteiligung der St\u00e4dte und Gemeinden des Kreises Marburg Biedenkopf neue Wege in der Vorbeugung, Fr\u00fcherkennung und fr\u00fchen F\u00f6rderung von Kindern mit besonderem F\u00f6rderbedarf. Es unterst\u00fctzt die Kinder, die Eltern und auch die Kindertagesst\u00e4tten und Tagespflegestellen. Das Projekt erm\u00f6glicht eine vorbildliche Vernetzung aller Beteiligten. Es ist niedrigschwellig angelegt, die Beratung findet auf Wunsch anonym statt und Hausbesuche werden angeboten. Dieses Projekt kann auf andere Gemeinden \u00fcbertragen werden.<\/p>\n<p><strong>\u201eAGILer \u2013 Aktivierende Gesundheitsinitiative f\u00fcr Langzeiterwerbslose\u201c<\/strong><br \/>\nDer Gewinner in der Kategorie \u201eGesund Leben\u201c ist das Projekt \u201eAGILer \u2013 Aktivierende Gesundheitsinitiative f\u00fcr Langzeiterwerbslose\u201c von der Abteilung Sportmedizin der Goethe-Universit\u00e4t Frankfurt am Main. Das Projekt wendet sich an die Altersgruppe 50 +. In vorbildlicher Weise gelingt die nachhaltige Aktivierung der Teilnehmerinnen und Teilnehmer in den angebotenen Bewegungs- und Gesundheitskursen. Das Projekt orientiert sich an den Qualit\u00e4tsstandards der Krankenkassen. Es wurde begleitend evaluiert und ist auf andere Regionen \u00fcbertragbar.<\/p>\n<p><strong>\u201ePr\u00e4ventive Hausbesuche \u2013 Gesundheitsberatung f\u00fcr Seniorinnen und Senioren\u201c<\/strong><br \/>\nDer Gewinner in der Kategorie \u201eGesund Altern\u201c ist das Projekt \u201ePr\u00e4ventive Hausbesuche \u2013 Gesundheitsberatung f\u00fcr Seniorinnen und Senioren\u201c vom Caritasverband Frankfurt e.V. Das Projekt greift die Lebenssituation \u00e4lterer Menschen im Vorfeld von Pflegebed\u00fcrftigkeit auf. In enger Zusammenarbeit mit verschiedenen Akteuren im Wohnquartier soll durch Hausbesuche und Beratung eine m\u00f6glichst lange Eigenst\u00e4ndigkeit der \u00e4lteren Menschen erreicht werden. Das Projekt ist pr\u00e4ventiv ausgerichtet, schlie\u00dft insbesondere sozial Benachteiligte ein und ist innovativ und vorbildlich.<\/p>\n<p><strong>\u201eVerst\u00e4ndliche Medizin \u2013 Gesundheitsthema des Monats\u201c<\/strong><br \/>\nDer Gewinner der Kategorie \u201e\u00dcber die Lebensphasen hinweg\u201c ist das Projekt \u201eVerst\u00e4ndliche Medizin \u2013 Gesundheitsthema des Monats\u201c, initiiert vom Gesundheitsamt der Landeshauptstadt Wiesbaden in Kooperation mit dem Praxisverbund Wiesbaden. Das Projekt richtet sich an alle betroffenen und interessierten B\u00fcrger in Wiesbaden. Gemeinsam mit dem Praxisverbund Wiesbaden (niedergelassene \u00c4rztinnen und \u00c4rzte sowie Psychotherapeutinnen und -therapeuten) unter Beteiligung anderer Berufsgruppen werden in monatlichen Veranstaltungen gesundheitsrelevante Themen verst\u00e4ndlich aufbereitet und vermittelt. Das Projekt f\u00f6rdert die Patientensouver\u00e4nit\u00e4t, die Motivation und die \u00f6ffentliche Akzeptanz von gesundheitlichen Themen in der Stadt. Die Vernetzungen vor Ort sind vorbildlich und k\u00f6nnen als Beispiel f\u00fcr andere St\u00e4dte oder Landkriese dienen. Das Programm wurde inzwischen bereits von Kassel \u00fcbernommen.<\/p>\n<p>Das Hessische Sozialministerium hat 2010, im Rahmen der Nachhaltigkeitsstrategie des Landes Hessen, den Gesundheitsf\u00f6rderungsplan \u201eGesundLeben \u2013 Gesund Bleiben\u201c mit der Hessischen Arbeitsgemeinschaft f\u00fcr Gesundheitserziehung e.V. (HAGE) entwickelt. Gleichzeitig entstand der Projekt-Atlas \u201eGesundheitsprojekte in Hessen\u201c. Im Projekt-Atlas werden \u00e4hnlich einer Datenbank Informationen zu den Projekten und Akteuren im Bereich Gesundheitsf\u00f6rderung und Pr\u00e4vention in Hessen gesammelt und unter anderem nach lokalem und regionalem Bezug, Themenbereich, Tr\u00e4ger, Zielgruppen und methodischen Ans\u00e4tzen aufgelistet. Alle ausgezeichneten Projekte \u2013 aber auch die zahlenreichen, qualifizierten anderen Bewerber \u2013 haben sich \u00fcber den Hessischen Projekt-Atlas eingetragen und k\u00f6nnen \u00fcber www.adressen-in-hessen.de eingesehen werden.<\/p>\n<p>Weitere Information zu diesem Thema k\u00f6nnen unter <a href=\"http:\/\/www.gesundleben-gesundbleiben.hessen.de\" target=\"_blank\">www.gesundleben-gesundbleiben.hessen.de<\/a> aufgerufen werden.<\/p>\n","protected":false},"excerpt":{"rendered":"<div class=\"tmnf_excerpt\"><p>Wiesbaden. Zum ersten Mal hat der Hessische Sozialminister Stefan Gr\u00fcttner heute den Hessischen Gesundheitspreis der Landesregierung vergeben. Preistr\u00e4ger sind vier Initiativen aus Frankfurt, Wiesbaden und Marburg, welche die Gesundheit der hessischen B\u00fcrgerinnen und B\u00fcrger auf beispielhafte Weise f\u00f6rdern. \u201eGute Gesundheit und der Erhalt von Lebensqualit\u00e4t sind zentrale Voraussetzungen f\u00fcr alle privaten Aktivit\u00e4ten und Pl\u00e4ne, ob &hellip;<\/p>\n<\/div>","protected":false},"author":1,"featured_media":0,"comment_status":"closed","ping_status":"closed","sticky":false,"template":"","format":"standard","meta":{"footnotes":""},"categories":[1,51],"tags":[],"class_list":["post-103785","post","type-post","status-publish","format-standard","hentry","category-startseite","category-medizin"],"_links":{"self":[{"href":"https:\/\/www.fuldaernachrichten.de\/index.php?rest_route=\/wp\/v2\/posts\/103785","targetHints":{"allow":["GET"]}}],"collection":[{"href":"https:\/\/www.fuldaernachrichten.de\/index.php?rest_route=\/wp\/v2\/posts"}],"about":[{"href":"https:\/\/www.fuldaernachrichten.de\/index.php?rest_route=\/wp\/v2\/types\/post"}],"author":[{"embeddable":true,"href":"https:\/\/www.fuldaernachrichten.de\/index.php?rest_route=\/wp\/v2\/users\/1"}],"replies":[{"embeddable":true,"href":"https:\/\/www.fuldaernachrichten.de\/index.php?rest_route=%2Fwp%2Fv2%2Fcomments&post=103785"}],"version-history":[{"count":0,"href":"https:\/\/www.fuldaernachrichten.de\/index.php?rest_route=\/wp\/v2\/posts\/103785\/revisions"}],"wp:attachment":[{"href":"https:\/\/www.fuldaernachrichten.de\/index.php?rest_route=%2Fwp%2Fv2%2Fmedia&parent=103785"}],"wp:term":[{"taxonomy":"category","embeddable":true,"href":"https:\/\/www.fuldaernachrichten.de\/index.php?rest_route=%2Fwp%2Fv2%2Fcategories&post=103785"},{"taxonomy":"post_tag","embeddable":true,"href":"https:\/\/www.fuldaernachrichten.de\/index.php?rest_route=%2Fwp%2Fv2%2Ftags&post=103785"}],"curies":[{"name":"wp","href":"https:\/\/api.w.org\/{rel}","templated":true}]}}