{"id":103779,"date":"2012-11-08T00:12:31","date_gmt":"2012-11-08T00:12:31","guid":{"rendered":"http:\/\/www.fuldaer-nachrichten.de\/?p=103779"},"modified":"2012-11-08T10:02:31","modified_gmt":"2012-11-08T10:02:31","slug":"die-techniker-krankenkasse-unterstutzt-den-corporate-health-award-2013","status":"publish","type":"post","link":"https:\/\/www.fuldaernachrichten.de\/?p=103779","title":{"rendered":"Die Techniker Krankenkasse unterst\u00fctzt den Corporate Health Award 2013"},"content":{"rendered":"<p>Frankfurt am Main. Nach 2010 und 2011 beteiligt sich die Techniker Krankenkasse (TK) in Hessen auch in diesem Jahr am Corporate Health Award \u2013 der f\u00fchrenden Qualit\u00e4tsinitiative f\u00fcr betriebliches Gesundheitsmanagement im deutschsprachigen Raum. Mit dem Corporate Health Award werden Unternehmen ausgezeichnet, die sich durch eine vorbildliche Gesundheitsf\u00f6rderung von anderen Betrieben abheben. Fast 300 Firmen haben sich dieses Jahr um den Preis beworben \u2013 so viele, wie noch nie zuvor.<!--more--><br \/>\nAm 15. November schlie\u00dft sich an die ganzt\u00e4gige Fachveranstaltung die Preisverleihung an. Insgesamt werden elf Siegerunternehmen in neun Branchenkategorien ausgezeichnet. Zwei Sonderpreise werden in den Kategorien \u201eKultur &amp; Gesundheit\u201c sowie \u201eMittelstand\u201c verliehen. Betriebliches Gesundheitsmanagement (BGM) hat sich in den vergangenen Jahren zusehends etabliert und professionalisiert. Viele Unternehmen integrieren gesundheitsf\u00f6rdernde Ma\u00dfnahmen f\u00fcr ihre Mitarbeiter in den t\u00e4glichen Arbeitsablauf. Unter den Leitthemen \u201eBGM-Erfolgsfaktoren\u201c und \u201eInnovatives Gesundheitsmarketing\u201c tragen bei der Tagung in Frankfurt die Fachreferenten ihr Expertenwissen, eigene Erfahrungen und Best-Practice Beispiele vor.<\/p>\n<p>In diesem Jahr steht besonders die Gesundheitskommunikation im Fokus. Mitarbeiter f\u00fcr das Thema Gesundheit zu sensibilisieren und zu mobilisieren, ist die Basis f\u00fcr erfolgreiches Gesundheitsmanagement. Aber gerade in Gro\u00dfunternehmen ist dies kompliziert. Viele Zweigstellen und unterschiedliche Standorte erschweren den Transfer, direkte Kommunikation ist oft nicht m\u00f6glich. Die Konferenz setzt hier an und stellt M\u00f6glichkeiten vor, entsprechende Kommunikationswege zu erarbeiten. In einer Podiumsdiskussion sprechen Experten \u00fcber aktuellen Trends und Entwicklungen in der Gesundheitskommunikation.<\/p>\n<p>Ausgerichtet wird die Konferenz von EuPD Research, Handelsblatt und T\u00dcV S\u00dcD Life Service. Das Bundesministerium f\u00fcr Arbeit und Soziales sowie die Initiative Neue Qualit\u00e4t der Arbeit (INQA) haben die Schirmherrschaft f\u00fcr die Veranstaltung \u00fcbernommen.<\/p>\n<p>Die TK in Hessen ist im Expertenbeirat f\u00fcr den Corporate Health Award vertreten und beteiligt sich aktiv an der Konferenz mit dem Intensivworkshop &#8220;Die Rolle der Krankenkassen im Betrieblichen Gesundheitsmanagement&#8221;. Zudem stellt die TK Gesundheitsmodule der Tour &#8220;Gesundheit f\u00fcr Deutschland&#8221; vor, die verschiedene Messungen erm\u00f6glicht, die Hinweise auf sinnvolle gesundheitsf\u00f6rdernde Ma\u00dfnahmen f\u00fcr Mitarbeiter gibt.<\/p>\n","protected":false},"excerpt":{"rendered":"<div class=\"tmnf_excerpt\"><p>Frankfurt am Main. Nach 2010 und 2011 beteiligt sich die Techniker Krankenkasse (TK) in Hessen auch in diesem Jahr am Corporate Health Award \u2013 der f\u00fchrenden Qualit\u00e4tsinitiative f\u00fcr betriebliches Gesundheitsmanagement im deutschsprachigen Raum. Mit dem Corporate Health Award werden Unternehmen ausgezeichnet, die sich durch eine vorbildliche Gesundheitsf\u00f6rderung von anderen Betrieben abheben. Fast 300 Firmen haben &hellip;<\/p>\n<\/div>","protected":false},"author":1,"featured_media":0,"comment_status":"closed","ping_status":"closed","sticky":false,"template":"","format":"standard","meta":{"footnotes":""},"categories":[1,51],"tags":[],"class_list":["post-103779","post","type-post","status-publish","format-standard","hentry","category-startseite","category-medizin"],"_links":{"self":[{"href":"https:\/\/www.fuldaernachrichten.de\/index.php?rest_route=\/wp\/v2\/posts\/103779","targetHints":{"allow":["GET"]}}],"collection":[{"href":"https:\/\/www.fuldaernachrichten.de\/index.php?rest_route=\/wp\/v2\/posts"}],"about":[{"href":"https:\/\/www.fuldaernachrichten.de\/index.php?rest_route=\/wp\/v2\/types\/post"}],"author":[{"embeddable":true,"href":"https:\/\/www.fuldaernachrichten.de\/index.php?rest_route=\/wp\/v2\/users\/1"}],"replies":[{"embeddable":true,"href":"https:\/\/www.fuldaernachrichten.de\/index.php?rest_route=%2Fwp%2Fv2%2Fcomments&post=103779"}],"version-history":[{"count":0,"href":"https:\/\/www.fuldaernachrichten.de\/index.php?rest_route=\/wp\/v2\/posts\/103779\/revisions"}],"wp:attachment":[{"href":"https:\/\/www.fuldaernachrichten.de\/index.php?rest_route=%2Fwp%2Fv2%2Fmedia&parent=103779"}],"wp:term":[{"taxonomy":"category","embeddable":true,"href":"https:\/\/www.fuldaernachrichten.de\/index.php?rest_route=%2Fwp%2Fv2%2Fcategories&post=103779"},{"taxonomy":"post_tag","embeddable":true,"href":"https:\/\/www.fuldaernachrichten.de\/index.php?rest_route=%2Fwp%2Fv2%2Ftags&post=103779"}],"curies":[{"name":"wp","href":"https:\/\/api.w.org\/{rel}","templated":true}]}}