{"id":103778,"date":"2012-11-09T00:10:55","date_gmt":"2012-11-09T00:10:55","guid":{"rendered":"http:\/\/www.fuldaer-nachrichten.de\/?p=103778"},"modified":"2012-11-08T10:01:22","modified_gmt":"2012-11-08T10:01:22","slug":"orchester-der-bardoschule-im-gottesdienst","status":"publish","type":"post","link":"https:\/\/www.fuldaernachrichten.de\/?p=103778","title":{"rendered":"Orchester der Bardoschule im Gottesdienst"},"content":{"rendered":"<p>Fulda. Am Sonntag, 11.11.2012, 10.00 Uhr, gestaltet das Orchester \u201eThe Magic Instruments&#8221; der Bardoschule den Gottesdienst der Kreuzkirche mit. Es spielen Jugendliche der 7. und 8. Klasse. \u201eWir spielen haupts\u00e4chlich konzertante St\u00fccke sowie Kirchenmusik und haben dabei sehr viel Spa\u00df\u201c, sagt der Dirigent Christian Brehl. Der Gottesdienst findet wegen des Umbaus der Kreuzkirche in der katholischen Pfarrkirche in Hosenfeld statt. Pfarrer Stefan B\u00fcrger geht in seiner Predigt auf Psalm 98 \u201eSingt dem Herrn ein neues Lied\u201c ein.<\/p>\n","protected":false},"excerpt":{"rendered":"<div class=\"tmnf_excerpt\"><p>Fulda. Am Sonntag, 11.11.2012, 10.00 Uhr, gestaltet das Orchester \u201eThe Magic Instruments&#8221; der Bardoschule den Gottesdienst der Kreuzkirche mit. Es spielen Jugendliche der 7. und 8. Klasse. \u201eWir spielen haupts\u00e4chlich konzertante St\u00fccke sowie Kirchenmusik und haben dabei sehr viel Spa\u00df\u201c, sagt der Dirigent Christian Brehl. Der Gottesdienst findet wegen des Umbaus der Kreuzkirche in der &hellip;<\/p>\n<\/div>","protected":false},"author":1,"featured_media":0,"comment_status":"closed","ping_status":"closed","sticky":false,"template":"","format":"standard","meta":{"footnotes":""},"categories":[1,50],"tags":[],"class_list":["post-103778","post","type-post","status-publish","format-standard","hentry","category-startseite","category-kirche"],"_links":{"self":[{"href":"https:\/\/www.fuldaernachrichten.de\/index.php?rest_route=\/wp\/v2\/posts\/103778","targetHints":{"allow":["GET"]}}],"collection":[{"href":"https:\/\/www.fuldaernachrichten.de\/index.php?rest_route=\/wp\/v2\/posts"}],"about":[{"href":"https:\/\/www.fuldaernachrichten.de\/index.php?rest_route=\/wp\/v2\/types\/post"}],"author":[{"embeddable":true,"href":"https:\/\/www.fuldaernachrichten.de\/index.php?rest_route=\/wp\/v2\/users\/1"}],"replies":[{"embeddable":true,"href":"https:\/\/www.fuldaernachrichten.de\/index.php?rest_route=%2Fwp%2Fv2%2Fcomments&post=103778"}],"version-history":[{"count":0,"href":"https:\/\/www.fuldaernachrichten.de\/index.php?rest_route=\/wp\/v2\/posts\/103778\/revisions"}],"wp:attachment":[{"href":"https:\/\/www.fuldaernachrichten.de\/index.php?rest_route=%2Fwp%2Fv2%2Fmedia&parent=103778"}],"wp:term":[{"taxonomy":"category","embeddable":true,"href":"https:\/\/www.fuldaernachrichten.de\/index.php?rest_route=%2Fwp%2Fv2%2Fcategories&post=103778"},{"taxonomy":"post_tag","embeddable":true,"href":"https:\/\/www.fuldaernachrichten.de\/index.php?rest_route=%2Fwp%2Fv2%2Ftags&post=103778"}],"curies":[{"name":"wp","href":"https:\/\/api.w.org\/{rel}","templated":true}]}}