{"id":103770,"date":"2012-11-08T00:12:19","date_gmt":"2012-11-08T00:12:19","guid":{"rendered":"http:\/\/www.fuldaer-nachrichten.de\/?p=103770"},"modified":"2012-11-08T09:52:35","modified_gmt":"2012-11-08T09:52:35","slug":"spd-fulda-geht-nach-nominierungsparteitag-optimistisch-ins-wahlkampfjahr","status":"publish","type":"post","link":"https:\/\/www.fuldaernachrichten.de\/?p=103770","title":{"rendered":"SPD Fulda geht nach Nominierungsparteitag optimistisch ins Wahlkampfjahr"},"content":{"rendered":"<p><img decoding=\"async\" class=\"alignleft size-thumbnail wp-image-103774\" title=\"Gruppe Landtagskandidaten\" src=\"http:\/\/www.fuldaer-nachrichten.de\/wp-content\/uploads\/2012\/11\/Gruppe-Landtagskandidaten-265x176.jpg\" alt=\"\" width=\"265\" height=\"176\" srcset=\"https:\/\/www.fuldaernachrichten.de\/wp-content\/uploads\/2012\/11\/Gruppe-Landtagskandidaten-265x176.jpg 265w, https:\/\/www.fuldaernachrichten.de\/wp-content\/uploads\/2012\/11\/Gruppe-Landtagskandidaten.jpg 600w\" sizes=\"(max-width: 265px) 100vw, 265px\" \/>Burghaun. \u201cWir wollen und wir k\u00f6nnen Schwarz-Gelb im Bund und in Hessen abl\u00f6sen \u2013 und daf\u00fcr k\u00e4mpfen wir!\u201c Mit diesen Worten stimmte die gerade erneut nominierte Landtagsabgeordnete und Unterbezirksvorsitzende Sabine Waschke die Delegierten der Fuldaer SPD auf der Wahlkreisdelegiertenkonferenz in Burghaun auf den Doppelwahlkampf im kommenden Jahr ein. Am Ende eines durchweg harmonisch verlaufenen Parteitags waren der Optimismus und die Vorfreude auf die damit verbundenen Aufgaben im Saal sp\u00fcrbar, was nicht nur, aber insbesondere f\u00fcr die gew\u00e4hlten Kandidatinnen und Kandidaten gilt.<!--more--><br \/>\nNach einigen Begr\u00fc\u00dfungsworten war bei der Veranstaltung zun\u00e4chst die Bundestagskandidatin f\u00fcr den Wahlkreis 174 zu w\u00e4hlen, der neben dem Landkreis Fulda auch Teile des Vogelsbergkreises umfasst, sodass auch viele Genossinnen und Genossinnen von dort sich in Burghaun eingefunden hatten um ihre Stimme abzugeben. Mit Birgit K\u00f6mpel aus Eichenzell und Gertrud Goeb aus K\u00fcnzell hatte es gleich zwei Bewerberinnen f\u00fcr die Kandidatur gegeben, \u201cein klares Zeichen, dass wir gut aufgestellt sind, und eine Chance f\u00fcr die innerparteiliche Demokratie\u00e2\u20ac\u009d, wie Waschke befand. Letztlich setzte sich K\u00f6mpel mit 90 zu 16 Stimmen durch.<\/p>\n<p><img fetchpriority=\"high\" decoding=\"async\" class=\"alignnone size-thumbnail wp-image-103773\" title=\"Redepult K\u00f6mpel\" src=\"http:\/\/www.fuldaer-nachrichten.de\/wp-content\/uploads\/2012\/11\/Redepult-K\u00f6mpel-265x397.jpg\" alt=\"\" width=\"265\" height=\"397\" \/> <img decoding=\"async\" class=\"alignnone size-thumbnail wp-image-103772\" title=\"Redepult Barthel\" src=\"http:\/\/www.fuldaer-nachrichten.de\/wp-content\/uploads\/2012\/11\/Redepult-Barthel-265x397.jpg\" alt=\"\" width=\"265\" height=\"397\" srcset=\"https:\/\/www.fuldaernachrichten.de\/wp-content\/uploads\/2012\/11\/Redepult-Barthel-265x397.jpg 265w, https:\/\/www.fuldaernachrichten.de\/wp-content\/uploads\/2012\/11\/Redepult-Barthel-176x265.jpg 176w, https:\/\/www.fuldaernachrichten.de\/wp-content\/uploads\/2012\/11\/Redepult-Barthel-399x600.jpg 399w, https:\/\/www.fuldaernachrichten.de\/wp-content\/uploads\/2012\/11\/Redepult-Barthel.jpg 600w\" sizes=\"(max-width: 265px) 100vw, 265px\" \/><\/p>\n<p>\u201c85 Prozent sind ein tolles Ergebnis. Ich freue mich, dass ihr mir als Frau von der Basis die Chance gebt, in Berlin etwas zu beeinflussen\u00e2\u20ac\u009d, bedankte sich die Unternehmensberaterin, die nun den Abgeordneten Michael Brand (CDU) herausfordert. In ihrer Rede hatte sie sich zuvor in erster Linie der Arbeitsmarktpolitik gewidmet und dabei anschaulich festgestellt: \u201cDie schwarz-gelbe Politik hat viele Schrauben locker. Diese gilt es nun f\u00fcr die SPD, wieder festzuziehen.\u00e2\u20ac\u009d Forderungen waren dabei unter anderem die Bek\u00e4mpfung von Altersarmut, die Einf\u00fchrung eines fl\u00e4chendeckenden Mindestlohns und eine Reform des K\u00fcndigungsschutzgesetzes &#8211; aber auch \u201cThemen mit Herz\u00e2\u20ac\u009d wie Familien- und Frauenpolitik kamen nicht zu kurz.<\/p>\n<p>Dass K\u00f6mpel sich dabei auch auf die Unterst\u00fctzung aus dem Vogelsbergkreis verlassen kann, betonte Patrick Krug aus Grebenau. Der Unterbezirksvorsitzende der Vogelsberger Jusos wurde als Ersatzkandidat nominiert und ist sicher: \u201cWir haben ein gemeinsames Ziel, und entsprechend werden wir eng zusammenarbeiten, um es auch zu erreichen.\u00e2\u20ac\u009d<\/p>\n<p><img loading=\"lazy\" decoding=\"async\" class=\"alignleft size-thumbnail wp-image-103771\" title=\"Redepult Waschke\" src=\"http:\/\/www.fuldaer-nachrichten.de\/wp-content\/uploads\/2012\/11\/Redepult-Waschke-265x397.jpg\" alt=\"\" width=\"265\" height=\"397\" srcset=\"https:\/\/www.fuldaernachrichten.de\/wp-content\/uploads\/2012\/11\/Redepult-Waschke-265x397.jpg 265w, https:\/\/www.fuldaernachrichten.de\/wp-content\/uploads\/2012\/11\/Redepult-Waschke-176x265.jpg 176w, https:\/\/www.fuldaernachrichten.de\/wp-content\/uploads\/2012\/11\/Redepult-Waschke-399x600.jpg 399w, https:\/\/www.fuldaernachrichten.de\/wp-content\/uploads\/2012\/11\/Redepult-Waschke.jpg 600w\" sizes=\"(max-width: 265px) 100vw, 265px\" \/>Gleich zwei Kandidaturen galt es mit Blick auf die Landtagswahl, die voraussichtlich Ende 2013 stattfindet, festzulegen. F\u00fcr den n\u00f6rdlichen Wahlkreis 14 (Bad Salzschlirf, Burghaun, Eiterfeld, Fulda, Gro\u00dfenl\u00fcder, H\u00fcnfeld, N\u00fcsttal, Rasdorf) kandidierte dabei der nordhessische Juso-Bezirksvorsitzende Pascal Barthel. Er war politisch bislang haupts\u00e4chlich in Bad Hersfeld aktiv, u.a. als Stadtverordneter, hat sich aber bereits politisch nach Fulda umgemeldet und will sich von nun an auch entsprechend im Landkreis bet\u00e4tigen: \u201cMir wurde bereits im Vorfeld meiner Nominierung viel Vertrauen entgegengebracht, welches ich jetzt gerne zur\u00fcckzahlen m\u00f6chte. Entweder mache ich etwas ganz, oder gar nicht.\u00e2\u20ac\u009d, rief Barthel den Delegierten zu. Landtagskandidat ist er nach einem Votum von fast 90 Prozent der Delegiertenstimmen nun definitiv \u201cganz\u00e2\u20ac\u009d &#8211; zumal er als Spitzenkandidat der Jusos Hessen auf einen guten Listenplatz hoffen darf.<\/p>\n<p>In seinem Redebeitrag machte Barthel deutlich, dass er wei\u00df, wo in der Landespolitik der Schuh dr\u00fcckt: \u201cDie Kommunen sind zwar die unterste politische Ebene, aber die wichtigste. Ihre finanzielle Handlungsf\u00e4higkeit sicherzustellen, ist Grundlage f\u00fcr alles andere &#8211; sie brauchen mehr Geld, nicht weniger!\u00e2\u20ac\u009d Gute Politik werde au\u00dferdem nicht nur f\u00fcr die Menschen gemacht, sondern mit ihnen, der gemeinsame Dialog m\u00fcsse deshalb wieder deutlich intensiviert werden. Ein weiteres Thema, das Barthel am Herzen liegt, ist die Bildungspolitik, angefangen bei der fr\u00fchkindlichen Bildung. Insgesamt seien massive Kurskorrekturen notwendig. Dies betreffe insbesondere die Schulpolitik. Hier machte Barthel deutlich, dass eine sozialdemokratische Landesregierung die Eltern nicht im Stich lassen wird und er sich f\u00fcr die Abschaffung der Schulzeitverk\u00fcrzung durch G8 einsetzen wird. \u201cEin Politikwechsel f\u00fcr bessere Bildung ist nur mit einer SPD-gef\u00fchrten Regierung m\u00f6glich\u00e2\u20ac\u009d, so Barthel.<\/p>\n<p>Sein Ersatzkandidat ist der Fuldaer Juso-Unterbezirksvorsitzende Simon Sch\u00fcler, der Barthels Kandidatur ausdr\u00fccklich begr\u00fc\u00dfte: \u201cEin junger Kandidat ist in jedem Fall ein tolles Signal. Wir werden einen engagierten Wahlkampf machen und k\u00f6nnen so hoffentlich eine gewisse Aufbruchstimmung erzeugen.\u00e2\u20ac\u009d<\/p>\n<p><img loading=\"lazy\" decoding=\"async\" class=\"alignleft size-thumbnail wp-image-103775\" title=\"Gruppe Wahlkreiskandidaten\" src=\"http:\/\/www.fuldaer-nachrichten.de\/wp-content\/uploads\/2012\/11\/Gruppe-Wahlkreiskandidaten-265x176.jpg\" alt=\"\" width=\"265\" height=\"176\" srcset=\"https:\/\/www.fuldaernachrichten.de\/wp-content\/uploads\/2012\/11\/Gruppe-Wahlkreiskandidaten-265x176.jpg 265w, https:\/\/www.fuldaernachrichten.de\/wp-content\/uploads\/2012\/11\/Gruppe-Wahlkreiskandidaten.jpg 600w\" sizes=\"(max-width: 265px) 100vw, 265px\" \/>Derweil wird im s\u00fcdlichen Wahlkreis 15 (Dipperz, Ebersburg, Ehrenberg, Eichenzell, Flieden, Gersfeld, Hilders, Hofbieber, Hosenfeld, Kalbach, K\u00fcnzell, Neuhof, Petersberg, Poppenhausen, Tann) eine erfahrene Kandidatin f\u00fcr die SPD ins Rennen gehen: Sabine Waschke aus Neuhof vertritt die SPD bereits seit 2003 im Wiesbadener Landtag und wurde mit \u00fcberzeugenden 94,3 Prozent erneut nominiert. \u201cDieser Landkreis ist mein Zuhause. Und so will ich ihn auch behandelt wissen. Er geh\u00f6rt nicht der CDU, wie auch das Land Hessen nicht der CDU geh\u00f6rt &#8211; auch wenn die das glauben. Dieses Land geh\u00f6rt den Menschen, die hier leben\u00e2\u20ac\u009d, hatte Waschke den Delegierten zugerufen und damit genau die richtigen Worte gefunden. Zuvor hatte sie insbesondere die Klientelpolitik der Landesregierung scharf kritisiert und mehr Selbstvertrauen in der Landespolitik eingefordert: \u201cWir m\u00fcssen das regeln, was wir auf unserer Ebene regeln k\u00f6nnen &#8211; und wenn man es richtig macht, geh\u00f6ren dazu durchaus auch Themen wie ein fl\u00e4chendeckender Mindestlohn oder energiepolitische Fragen.\u201c Ihre Erfahrung will sie nun im Wahlkampf und in einer hoffentlich SPD-gef\u00fchrten Legislaturperiode erneut einbringen um an einer \u201csozialen und anst\u00e4ndigen Politk\u201c in Hessen und nat\u00fcrlich auch im Bund mitzuwirken. Als Ersatzkandidatin wurde im Wahlkreis 15 Elena Tritschler aus Fulda gew\u00e4hlt.<\/p>\n<p>Abschlie\u00dfend zeigte sich die Unterbezirksvorsitzende dementsprechend optimistisch: \u201cIn 15 Monaten k\u00f6nnen wir Hessen regieren. Wir wollen gewinnen, wir setzen auf Sieg!\u00e2\u20ac\u009d<\/p>\n","protected":false},"excerpt":{"rendered":"<div class=\"tmnf_excerpt\"><p>Burghaun. \u201cWir wollen und wir k\u00f6nnen Schwarz-Gelb im Bund und in Hessen abl\u00f6sen \u2013 und daf\u00fcr k\u00e4mpfen wir!\u201c Mit diesen Worten stimmte die gerade erneut nominierte Landtagsabgeordnete und Unterbezirksvorsitzende Sabine Waschke die Delegierten der Fuldaer SPD auf der Wahlkreisdelegiertenkonferenz in Burghaun auf den Doppelwahlkampf im kommenden Jahr ein. Am Ende eines durchweg harmonisch verlaufenen Parteitags &hellip;<\/p>\n<\/div>","protected":false},"author":1,"featured_media":0,"comment_status":"closed","ping_status":"closed","sticky":false,"template":"","format":"standard","meta":{"footnotes":""},"categories":[1,29],"tags":[],"class_list":["post-103770","post","type-post","status-publish","format-standard","hentry","category-startseite","category-politik"],"_links":{"self":[{"href":"https:\/\/www.fuldaernachrichten.de\/index.php?rest_route=\/wp\/v2\/posts\/103770","targetHints":{"allow":["GET"]}}],"collection":[{"href":"https:\/\/www.fuldaernachrichten.de\/index.php?rest_route=\/wp\/v2\/posts"}],"about":[{"href":"https:\/\/www.fuldaernachrichten.de\/index.php?rest_route=\/wp\/v2\/types\/post"}],"author":[{"embeddable":true,"href":"https:\/\/www.fuldaernachrichten.de\/index.php?rest_route=\/wp\/v2\/users\/1"}],"replies":[{"embeddable":true,"href":"https:\/\/www.fuldaernachrichten.de\/index.php?rest_route=%2Fwp%2Fv2%2Fcomments&post=103770"}],"version-history":[{"count":0,"href":"https:\/\/www.fuldaernachrichten.de\/index.php?rest_route=\/wp\/v2\/posts\/103770\/revisions"}],"wp:attachment":[{"href":"https:\/\/www.fuldaernachrichten.de\/index.php?rest_route=%2Fwp%2Fv2%2Fmedia&parent=103770"}],"wp:term":[{"taxonomy":"category","embeddable":true,"href":"https:\/\/www.fuldaernachrichten.de\/index.php?rest_route=%2Fwp%2Fv2%2Fcategories&post=103770"},{"taxonomy":"post_tag","embeddable":true,"href":"https:\/\/www.fuldaernachrichten.de\/index.php?rest_route=%2Fwp%2Fv2%2Ftags&post=103770"}],"curies":[{"name":"wp","href":"https:\/\/api.w.org\/{rel}","templated":true}]}}