{"id":103767,"date":"2012-11-08T09:48:06","date_gmt":"2012-11-08T09:48:06","guid":{"rendered":"http:\/\/www.fuldaer-nachrichten.de\/?p=103767"},"modified":"2012-11-08T09:48:06","modified_gmt":"2012-11-08T09:48:06","slug":"richtfest-fur-den-erweiterungsbau-der-kreuzkirche-in-fulda","status":"publish","type":"post","link":"https:\/\/www.fuldaernachrichten.de\/?p=103767","title":{"rendered":"Richtfest f\u00fcr den Erweiterungsbau der Kreuzkirche in Fulda"},"content":{"rendered":"<p><img decoding=\"async\" class=\"alignleft size-thumbnail wp-image-103768\" title=\"Gruppe\" src=\"http:\/\/www.fuldaer-nachrichten.de\/wp-content\/uploads\/2012\/11\/Gruppe-265x176.jpg\" alt=\"\" width=\"265\" height=\"176\" srcset=\"https:\/\/www.fuldaernachrichten.de\/wp-content\/uploads\/2012\/11\/Gruppe-265x176.jpg 265w, https:\/\/www.fuldaernachrichten.de\/wp-content\/uploads\/2012\/11\/Gruppe.jpg 600w\" sizes=\"(max-width: 265px) 100vw, 265px\" \/>Fulda. Mit dem Richtfest erreicht die Kreuzkirche in Fulda einen weiteren Etappenschritt in ihrer Erweiterungsbauplanung. Manche halten die Verdopplung der Kirchenraumfl\u00e4che f\u00fcr verr\u00fcckt, andere f\u00fcr mutig, f\u00fcr den Pfarrer ist es beides und noch mehr: \u201eDer Anbau ist verr\u00fcckt und mutig, aber auf jeden Fall notwendig!\u201c Seit Bau der Kirche in 1964\/1965 hat sich die Gemeindegr\u00f6\u00dfe mehr als versiebenfacht. 300 Gemeindeglieder von damals sind auf gut 2329 Seelen gewachsen. Da braucht man nicht nur f\u00fcr die Feiertage gr\u00f6\u00dfere Raumm\u00f6glichkeiten, sondern auch Gemeinder\u00e4ume, die beispielsweise derzeit 32 Konfirmanden fassen.<!--more--><br \/>\nPfarrer Stefan B\u00fcrger begr\u00fc\u00dfte zum Richtfest vor allem die Bauhandwerker, insbesondere der Firma Hodes, die hervorragende Arbeit geleistet h\u00e4tten. \u201eHerr Hodes, Sie sind uns ein St\u00fcck an Herz gewachsen, bei den w\u00f6chentlichen Baubesprechungen hier vor Ort\u201c, meinte der Pfarrer und erntete das Nicken des Bauauschusses der Kreuzkirchengemeinde.<\/p>\n<p><img decoding=\"async\" class=\"alignleft size-thumbnail wp-image-103769\" title=\"Vorarbeiter_Richtspruch\" src=\"http:\/\/www.fuldaer-nachrichten.de\/wp-content\/uploads\/2012\/11\/Vorarbeiter_Richtspruch-265x146.jpg\" alt=\"\" width=\"265\" height=\"146\" srcset=\"https:\/\/www.fuldaernachrichten.de\/wp-content\/uploads\/2012\/11\/Vorarbeiter_Richtspruch-265x146.jpg 265w, https:\/\/www.fuldaernachrichten.de\/wp-content\/uploads\/2012\/11\/Vorarbeiter_Richtspruch.jpg 600w\" sizes=\"(max-width: 265px) 100vw, 265px\" \/>Das Richtfest markiert die weitgehende Beendigung der Rohbauarbeiten f\u00fcr den 200 m\u00c2\u00b2 gro\u00dfen Anbau des Kirchen- bzw. Gemeinderaums. Damit vergr\u00f6\u00dfere man den Kirchenraum um das Doppelte der Sitzpl\u00e4tze, womit die Gemeinde in Hessen wohl ein Alleinstellungsmerkmal besitze. Die Kosten von rund 750.000 \u00e2\u201a\u00ac werden mit 180.000 \u00e2\u201a\u00ac von der Landeskirche getragen. Den Rest finanziert die Gemeinde \u00fcber ihren F\u00f6rderverein durch Darlehensaufnahme, \u00fcber Spenden, die inzwischen schon\u00c2\u00a0 in H\u00f6he von 125.000 \u00e2\u201a\u00ac geflossen sind, sowie \u00fcber R\u00fccklagen. F\u00fcr die Dachsanierung in H\u00f6he von 83.000 \u00e2\u201a\u00ac habe man schon 25.000 \u00e2\u201a\u00ac gesammelt, sei aber noch weiter auf Spenden angewiesen: \u201eMeine Kirche &#8211; ein St\u00fcck Dach von mir!\u201c so prangt es gro\u00df am Kirchturm.<\/p>\n<p>Kirchenbaudirektor Michael Frede, der aus Kassel gekommen war, hat das Projekt schon ein Jahrzehnt begleitet: \u201eEs ist auch f\u00fcr mich etwas Besonderes bei einem Richtfest anwesend zu sein, was es heutzutage so gut wie nicht mehr bei Kirchenbauten gibt.\u201c Oberb\u00fcrgermeister Gerhard M\u00f6ller lobte den Mut der Gemeindeleitung und freute sich, dass durch das neue Baugebiet, Fulda-Galerie, vom Stadtrand in die Mitte r\u00fccke.<\/p>\n<p>Ein weiterer Etappenbaustein markiert ein Scheck von Guido Karl Prinzhorn von Atrium-Immobilien. Er spendet knapp 5 m\u00c2\u00b2 Dach in H\u00f6he von 1.500 \u00e2\u201a\u00ac. Warum? \u201eIch war hier im Kreuzkirchen-Lauftreff mit dabei. Hier bewegt sich etwas. Da helfe ich gern mit!\u201c Dass dieser Scheck noch andere Klein- oder Gro\u00dfspender animiert, bleibt der Gemeinde zu w\u00fcnschen, schon allein wegen ihres Mutes und ihrer Verr\u00fccktheit, um Notwendiges zu erreichen.<\/p>\n<p><a href=\"http:\/\/www.kreuzkirche-fulda.de\" target=\"_blank\">www.kreuzkirche-fulda.de<\/a><br \/>\nBankverbindung: Evangelische Kreuzkirche Fulda, \u201eMeine Kirche &#8211; ein St\u00fcck Dach von mir!\u201c Raiffeisenbank Gro\u00dfenl\u00fcder, BLZ 53062035, Kto.Nr. 5746280<br \/>\nSpenden an den F\u00f6rderverein auch online m\u00f6glich:<br \/>\nhttp:\/\/www.spendenportal.de\/main\/org.php?projekt_id=12837<\/p>\n<p>Fotos: Jonas M\u00fcller<\/p>\n<p>Gruppe: v.l. Bauunternehmer Hans Hermann Hodes, stv. Kirchenvorstandsvorsitzender Jens Czapek, Kirchenbaudirektor Michael Frede, IHK Pr\u00e4sident und Kreuzkirchenmitglied Bernhard Juchheim, Vorarbeiter Steffen Riedl, Oberb\u00fcrgermeister Gerhard M\u00f6ller, Pfarrer Stefan B\u00fcrger, Architekten Thomas Meyer und Stefanie Hartung und Bauleiter Achim Rehbein.<\/p>\n","protected":false},"excerpt":{"rendered":"<div class=\"tmnf_excerpt\"><p>Fulda. Mit dem Richtfest erreicht die Kreuzkirche in Fulda einen weiteren Etappenschritt in ihrer Erweiterungsbauplanung. Manche halten die Verdopplung der Kirchenraumfl\u00e4che f\u00fcr verr\u00fcckt, andere f\u00fcr mutig, f\u00fcr den Pfarrer ist es beides und noch mehr: \u201eDer Anbau ist verr\u00fcckt und mutig, aber auf jeden Fall notwendig!\u201c Seit Bau der Kirche in 1964\/1965 hat sich die &hellip;<\/p>\n<\/div>","protected":false},"author":1,"featured_media":0,"comment_status":"closed","ping_status":"closed","sticky":false,"template":"","format":"standard","meta":{"footnotes":""},"categories":[1,50],"tags":[],"class_list":["post-103767","post","type-post","status-publish","format-standard","hentry","category-startseite","category-kirche"],"_links":{"self":[{"href":"https:\/\/www.fuldaernachrichten.de\/index.php?rest_route=\/wp\/v2\/posts\/103767","targetHints":{"allow":["GET"]}}],"collection":[{"href":"https:\/\/www.fuldaernachrichten.de\/index.php?rest_route=\/wp\/v2\/posts"}],"about":[{"href":"https:\/\/www.fuldaernachrichten.de\/index.php?rest_route=\/wp\/v2\/types\/post"}],"author":[{"embeddable":true,"href":"https:\/\/www.fuldaernachrichten.de\/index.php?rest_route=\/wp\/v2\/users\/1"}],"replies":[{"embeddable":true,"href":"https:\/\/www.fuldaernachrichten.de\/index.php?rest_route=%2Fwp%2Fv2%2Fcomments&post=103767"}],"version-history":[{"count":0,"href":"https:\/\/www.fuldaernachrichten.de\/index.php?rest_route=\/wp\/v2\/posts\/103767\/revisions"}],"wp:attachment":[{"href":"https:\/\/www.fuldaernachrichten.de\/index.php?rest_route=%2Fwp%2Fv2%2Fmedia&parent=103767"}],"wp:term":[{"taxonomy":"category","embeddable":true,"href":"https:\/\/www.fuldaernachrichten.de\/index.php?rest_route=%2Fwp%2Fv2%2Fcategories&post=103767"},{"taxonomy":"post_tag","embeddable":true,"href":"https:\/\/www.fuldaernachrichten.de\/index.php?rest_route=%2Fwp%2Fv2%2Ftags&post=103767"}],"curies":[{"name":"wp","href":"https:\/\/api.w.org\/{rel}","templated":true}]}}