{"id":103764,"date":"2012-11-08T00:14:32","date_gmt":"2012-11-08T00:14:32","guid":{"rendered":"http:\/\/www.fuldaer-nachrichten.de\/?p=103764"},"modified":"2012-11-08T09:44:15","modified_gmt":"2012-11-08T09:44:15","slug":"25jahriges-arbeitsjubilaum-im-salon-litzka-in-eiterfeld","status":"publish","type":"post","link":"https:\/\/www.fuldaernachrichten.de\/?p=103764","title":{"rendered":"25j\u00e4hriges Arbeitsjubil\u00e4um im Salon Litzka in Eiterfeld"},"content":{"rendered":"<p><strong><img fetchpriority=\"high\" decoding=\"async\" class=\"alignleft size-thumbnail wp-image-103765\" title=\"Pressebild Arbeitsjubil\u00e4um Litzka\" src=\"http:\/\/www.fuldaer-nachrichten.de\/wp-content\/uploads\/2012\/11\/Pressebild-Arbeitsjubil\u00e4um-Litzka-265x241.jpg\" alt=\"\" width=\"265\" height=\"241\" \/>Eiterfeld. <\/strong>Seit nunmehr 25 Jahren arbeitet Harald Herr als Spezialist f\u00fcr Herrenfrisuren im Salon Litzka in Eiterfeld. Nach der Lehre und einigen Gesellenjahren in Fulda sowie Bundeswehr trat\u00c2\u00a0 er am 1. Oktober 1987 seine neue Stelle in Eiterfeld an. Friseurmeister Michael Litzka, der den Betrieb seit 2001 in der dritten Generation f\u00fchrt, ist stolz auf seinen langj\u00e4hrigen Mitarbeiter. Und bei Harald Herr, der eher bescheiden ist und dem es eigentlich am liebsten gewesen w\u00e4re, man h\u00e4tte kein gro\u00dfes Aufsehen um das Arbeitsjubil\u00e4um gemacht, \u00c2\u00a0merkt man sofort, dass er seinen Beruf liebt und f\u00fcr den Betrieb seines Chefs lebt und arbeitet.<!--more--><\/p>\n<p>Dabei wirkt der Friseursalon in der Bahnhofstra\u00dfe in Eiterfeld von au\u00dfen eigentlich eher unscheinbar. Seit \u00fcber 70 Jahren befindet er sich dort, und man ahnt nicht, wie vielen Menschen er Brot und Arbeit gibt. Besch\u00e4ftigt werden 8 Vollzeitkr\u00e4fte und 2 Teilzeitmitarbeiter, die Damen und Herren, ob jung oder alt, jederzeit ohne Termin bedienen. Das hat sich rumgesprochen, die Kunden von Litzka kommen zum Teil von weit her. Unterst\u00fctzt wird Michael Litzka dabei auch noch von seinem Bruder Karsten. Zum 25j\u00e4hrigen Arbeitsjubil\u00e4um \u00fcberreichte Dr. Herbert B\u00fcttner \u00c2\u00a0von der Kreishandwerkerschaft Fulda \u00c2\u00a0eine Ehrenurkunde und gratulierte im Namen der Innung und des Fuldaer Handwerks \u00c2\u00a0zum Arbeitsjubil\u00e4um.<\/p>\n<p>BU (von l.): Michael Litzka, Harald Herr, Herbert B\u00fcttner<\/p>\n","protected":false},"excerpt":{"rendered":"<div class=\"tmnf_excerpt\"><p>Eiterfeld. Seit nunmehr 25 Jahren arbeitet Harald Herr als Spezialist f\u00fcr Herrenfrisuren im Salon Litzka in Eiterfeld. Nach der Lehre und einigen Gesellenjahren in Fulda sowie Bundeswehr trat\u00c2\u00a0 er am 1. Oktober 1987 seine neue Stelle in Eiterfeld an. Friseurmeister Michael Litzka, der den Betrieb seit 2001 in der dritten Generation f\u00fchrt, ist stolz auf &hellip;<\/p>\n<\/div>","protected":false},"author":1,"featured_media":0,"comment_status":"closed","ping_status":"closed","sticky":false,"template":"","format":"standard","meta":{"footnotes":""},"categories":[1,29],"tags":[],"class_list":["post-103764","post","type-post","status-publish","format-standard","hentry","category-startseite","category-politik"],"_links":{"self":[{"href":"https:\/\/www.fuldaernachrichten.de\/index.php?rest_route=\/wp\/v2\/posts\/103764","targetHints":{"allow":["GET"]}}],"collection":[{"href":"https:\/\/www.fuldaernachrichten.de\/index.php?rest_route=\/wp\/v2\/posts"}],"about":[{"href":"https:\/\/www.fuldaernachrichten.de\/index.php?rest_route=\/wp\/v2\/types\/post"}],"author":[{"embeddable":true,"href":"https:\/\/www.fuldaernachrichten.de\/index.php?rest_route=\/wp\/v2\/users\/1"}],"replies":[{"embeddable":true,"href":"https:\/\/www.fuldaernachrichten.de\/index.php?rest_route=%2Fwp%2Fv2%2Fcomments&post=103764"}],"version-history":[{"count":0,"href":"https:\/\/www.fuldaernachrichten.de\/index.php?rest_route=\/wp\/v2\/posts\/103764\/revisions"}],"wp:attachment":[{"href":"https:\/\/www.fuldaernachrichten.de\/index.php?rest_route=%2Fwp%2Fv2%2Fmedia&parent=103764"}],"wp:term":[{"taxonomy":"category","embeddable":true,"href":"https:\/\/www.fuldaernachrichten.de\/index.php?rest_route=%2Fwp%2Fv2%2Fcategories&post=103764"},{"taxonomy":"post_tag","embeddable":true,"href":"https:\/\/www.fuldaernachrichten.de\/index.php?rest_route=%2Fwp%2Fv2%2Ftags&post=103764"}],"curies":[{"name":"wp","href":"https:\/\/api.w.org\/{rel}","templated":true}]}}