{"id":103758,"date":"2012-11-09T00:10:31","date_gmt":"2012-11-09T00:10:31","guid":{"rendered":"http:\/\/www.fuldaer-nachrichten.de\/?p=103758"},"modified":"2012-11-08T09:16:13","modified_gmt":"2012-11-08T09:16:13","slug":"uwag-vortrag-und-strom-kann-man-doch-sehen-energieeffizienz-durch-smart-metering-in-haushalt-und-gewerbe","status":"publish","type":"post","link":"https:\/\/www.fuldaernachrichten.de\/?p=103758","title":{"rendered":"\u00dcWAG-Vortrag: \u201eUnd Strom kann man doch sehen!\u201c &#8211; Energieeffizienz durch Smart-Metering in Haushalt und Gewerbe"},"content":{"rendered":"<p>Fulda. Im Rahmen der 19. Fuldaer Energiesparwochen referiert Energieberater Frank Fleck von der \u00dcWAG am Dienstag, 13. November 2012, um 18:00 Uhr, im \u00dcWAG-Informationszentrum. Der Referent erl\u00e4utert den Vorteil von Smart-Meter-Z\u00e4hlern und zeigt Energieeinsparpotenziale im Haushalt und Gewerbe auf.<!--more--><\/p>\n<p>Einsparm\u00f6glichkeiten in Haushalt und Gewerbe werden durch Smart Meter-Z\u00e4hler\u00c2\u00a0 m\u00f6glich. So k\u00f6nnen auf besonders anschauliche Weise verbrauchsintensive Elektroger\u00e4te ausfindig gemacht werden \u2013 die Voraussetzung, um den Energieverbrauch in Haushalt und Gewerbe zu senken. Fleck geht dabei auch auf Erfahrungsberichte mit Smart Meter ein und gibt Energiespartipps f\u00fcr den Haushalt. Der Eintritt zum Vortrag ist frei.<\/p>\n<p>Im Anschluss l\u00e4dt die \u00dcWAG alle Besucher bei einem Imbiss zum gemeinsamen Gedankenaustausch ein. Kostenlose Parkm\u00f6glichkeiten gibt es direkt neben dem Informationszentrum am \u00dcWAG Kraftwerk Fulda.<\/p>\n","protected":false},"excerpt":{"rendered":"<div class=\"tmnf_excerpt\"><p>Fulda. Im Rahmen der 19. Fuldaer Energiesparwochen referiert Energieberater Frank Fleck von der \u00dcWAG am Dienstag, 13. November 2012, um 18:00 Uhr, im \u00dcWAG-Informationszentrum. Der Referent erl\u00e4utert den Vorteil von Smart-Meter-Z\u00e4hlern und zeigt Energieeinsparpotenziale im Haushalt und Gewerbe auf.<\/p>\n<\/div>","protected":false},"author":1,"featured_media":0,"comment_status":"closed","ping_status":"closed","sticky":false,"template":"","format":"standard","meta":{"footnotes":""},"categories":[1,29],"tags":[],"class_list":["post-103758","post","type-post","status-publish","format-standard","hentry","category-startseite","category-politik"],"_links":{"self":[{"href":"https:\/\/www.fuldaernachrichten.de\/index.php?rest_route=\/wp\/v2\/posts\/103758","targetHints":{"allow":["GET"]}}],"collection":[{"href":"https:\/\/www.fuldaernachrichten.de\/index.php?rest_route=\/wp\/v2\/posts"}],"about":[{"href":"https:\/\/www.fuldaernachrichten.de\/index.php?rest_route=\/wp\/v2\/types\/post"}],"author":[{"embeddable":true,"href":"https:\/\/www.fuldaernachrichten.de\/index.php?rest_route=\/wp\/v2\/users\/1"}],"replies":[{"embeddable":true,"href":"https:\/\/www.fuldaernachrichten.de\/index.php?rest_route=%2Fwp%2Fv2%2Fcomments&post=103758"}],"version-history":[{"count":0,"href":"https:\/\/www.fuldaernachrichten.de\/index.php?rest_route=\/wp\/v2\/posts\/103758\/revisions"}],"wp:attachment":[{"href":"https:\/\/www.fuldaernachrichten.de\/index.php?rest_route=%2Fwp%2Fv2%2Fmedia&parent=103758"}],"wp:term":[{"taxonomy":"category","embeddable":true,"href":"https:\/\/www.fuldaernachrichten.de\/index.php?rest_route=%2Fwp%2Fv2%2Fcategories&post=103758"},{"taxonomy":"post_tag","embeddable":true,"href":"https:\/\/www.fuldaernachrichten.de\/index.php?rest_route=%2Fwp%2Fv2%2Ftags&post=103758"}],"curies":[{"name":"wp","href":"https:\/\/api.w.org\/{rel}","templated":true}]}}