{"id":103755,"date":"2012-11-08T00:12:29","date_gmt":"2012-11-08T00:12:29","guid":{"rendered":"http:\/\/www.fuldaer-nachrichten.de\/?p=103755"},"modified":"2012-11-08T08:54:15","modified_gmt":"2012-11-08T08:54:15","slug":"gunter-bury-erneut-zum-uwag-vorstand-bestellt","status":"publish","type":"post","link":"https:\/\/www.fuldaernachrichten.de\/?p=103755","title":{"rendered":"G\u00fcnter Bury erneut zum \u00dcWAG-Vorstand bestellt"},"content":{"rendered":"<p><img decoding=\"async\" class=\"alignleft size-thumbnail wp-image-103756\" title=\"Portrait-U\u00cc\u02c6WAG-Vorstand-Gu\u00cc\u02c6nter-Bury\" src=\"http:\/\/www.fuldaer-nachrichten.de\/wp-content\/uploads\/2012\/11\/Portrait-U\u00cc\u02c6WAG-Vorstand-Gu\u00cc\u02c6nter-Bury-265x158.jpg\" alt=\"\" width=\"265\" height=\"158\" \/>Fulda. Der Aufsichtsrat der \u00dcberlandwerk Fulda Aktiengesellschaft hat Dipl.-Ing. G\u00fcnter Bury (57) ab 1. Juli 2013 erneut f\u00fcr die Dauer von zwei Jahren zum Vorstand bestellt.Die Verl\u00e4ngerung der Vorstandst\u00e4tigkeit um zwei Jahre beruht auch auf der Zielsetzung, dass Herr Bury den Prozess der angestrebten Fusion von \u00dcWAG und GWV begleiten soll und die Integration zu einer neuen Gesellschaft ma\u00dfgeblich bef\u00f6rdert. Damit wird auch seinem Wunsch entsprochen, dass er nach 20-j\u00e4hriger T\u00e4tigkeit bei der \u00dcWAG \u2013 mit dem Erreichen seines 60. Lebensjahres \u2013 in den Ruhestand treten kann.<!--more--><\/p>\n<p>G\u00fcnter Bury studierte Elektrische Energietechnik in Dortmund und begann seine Karriere im Jahr 1977 bei der Stadtwerke Duisburg AG. Zuletzt war er dort stellvertretender Hauptabteilungsleiter \u201eStromverteilung\u201c mit Handlungsvollmacht. 1995 wechselte er als Prokurist zur \u00dcWAG und leitete den Technischen Bereich. 1998 wurde er Mitglied des Vorstands und ist seit 1999 Alleinvorstand der \u00dcWAG. Er ist Gesch\u00e4ftsf\u00fchrer des Zweckverbands \u00dcberlandwerk Fulda-H\u00fcnfeld-Schl\u00fcchtern sowie Mitglied des Vorstands des LDEW (Landesverband der Energie- und Wasserwirtschaft Hessen\/Rheinland-Pfalz e. V.) und des VKU (Verband kommunaler Unternehmen e. V.) Landesgruppe Hessen.<\/p>\n<p><span style=\"text-decoration: underline;\"><br \/>\n<\/span><\/p>\n","protected":false},"excerpt":{"rendered":"<div class=\"tmnf_excerpt\"><p>Fulda. Der Aufsichtsrat der \u00dcberlandwerk Fulda Aktiengesellschaft hat Dipl.-Ing. G\u00fcnter Bury (57) ab 1. Juli 2013 erneut f\u00fcr die Dauer von zwei Jahren zum Vorstand bestellt.Die Verl\u00e4ngerung der Vorstandst\u00e4tigkeit um zwei Jahre beruht auch auf der Zielsetzung, dass Herr Bury den Prozess der angestrebten Fusion von \u00dcWAG und GWV begleiten soll und die Integration zu &hellip;<\/p>\n<\/div>","protected":false},"author":1,"featured_media":0,"comment_status":"closed","ping_status":"closed","sticky":false,"template":"","format":"standard","meta":{"footnotes":""},"categories":[1,29],"tags":[],"class_list":["post-103755","post","type-post","status-publish","format-standard","hentry","category-startseite","category-politik"],"_links":{"self":[{"href":"https:\/\/www.fuldaernachrichten.de\/index.php?rest_route=\/wp\/v2\/posts\/103755","targetHints":{"allow":["GET"]}}],"collection":[{"href":"https:\/\/www.fuldaernachrichten.de\/index.php?rest_route=\/wp\/v2\/posts"}],"about":[{"href":"https:\/\/www.fuldaernachrichten.de\/index.php?rest_route=\/wp\/v2\/types\/post"}],"author":[{"embeddable":true,"href":"https:\/\/www.fuldaernachrichten.de\/index.php?rest_route=\/wp\/v2\/users\/1"}],"replies":[{"embeddable":true,"href":"https:\/\/www.fuldaernachrichten.de\/index.php?rest_route=%2Fwp%2Fv2%2Fcomments&post=103755"}],"version-history":[{"count":1,"href":"https:\/\/www.fuldaernachrichten.de\/index.php?rest_route=\/wp\/v2\/posts\/103755\/revisions"}],"predecessor-version":[{"id":103757,"href":"https:\/\/www.fuldaernachrichten.de\/index.php?rest_route=\/wp\/v2\/posts\/103755\/revisions\/103757"}],"wp:attachment":[{"href":"https:\/\/www.fuldaernachrichten.de\/index.php?rest_route=%2Fwp%2Fv2%2Fmedia&parent=103755"}],"wp:term":[{"taxonomy":"category","embeddable":true,"href":"https:\/\/www.fuldaernachrichten.de\/index.php?rest_route=%2Fwp%2Fv2%2Fcategories&post=103755"},{"taxonomy":"post_tag","embeddable":true,"href":"https:\/\/www.fuldaernachrichten.de\/index.php?rest_route=%2Fwp%2Fv2%2Ftags&post=103755"}],"curies":[{"name":"wp","href":"https:\/\/api.w.org\/{rel}","templated":true}]}}