{"id":103754,"date":"2012-11-08T00:12:49","date_gmt":"2012-11-08T00:12:49","guid":{"rendered":"http:\/\/www.fuldaer-nachrichten.de\/?p=103754"},"modified":"2012-11-08T08:50:05","modified_gmt":"2012-11-08T08:50:05","slug":"awo-weitet-sprechzeiten-in-der-schuldnerberatung-aus","status":"publish","type":"post","link":"https:\/\/www.fuldaernachrichten.de\/?p=103754","title":{"rendered":"AWO weitet Sprechzeiten in der Schuldnerberatung aus"},"content":{"rendered":"<p>Fulda. Um dem steigenden Bedarf Rechnung zu tragen und noch flexibler auf die Anliegen der Klienten eingehen zu k\u00f6nnen, bietet der AWO Kreisverband Fulda ab Dezember \u00c2\u00a02012 t\u00e4glich eine offene Sprechstunde rund um das Thema \u201eUmgang mit Schulden, \u00dcberschuldung, Schuldenpr\u00e4vention, Privatinsolvenz\u201c an. Die individuellen Beratungen durch unsere Fachberater stehen jedem Interessierten offen. Erg\u00e4nzend bietet die AWO auch eine offene Sprechstunde \u201eLebens- und Sozialberatung\u201c durch unsere AWO Vertrauensanw\u00e4ltin f\u00fcr Sozialrecht an.<!--more--><\/p>\n<p>Ab 01. Dezember 2012 wird die Schuldnerberatungsstelle der AWO in der Langenbr\u00fcckenstra\u00dfe 14 zu folgenden Zeiten f\u00fcr offene Beratung besetzt sein:<\/p>\n<p>Montag von 16:00 Uhr bis 17:00 Uhr<br \/>\nDienstag von 14:30 Uhr bis 15:30 Uhr<br \/>\nMittwoch von 9:30 Uhr bis 10:30 Uhr<br \/>\nDonnerstag von 16:00 Uhr bis 17:00 Uhr<br \/>\nFreitag von 11:00 Uhr bis 12:00 Uhr<\/p>\n<p>Die Allgemeine Lebens- und Sozialberatung findet dienstags von 14:30 Uhr \u2013 15:30 Uhr und mittwochs von 14:00 Uhr \u2013 15:00 Uhr statt. Ab Januar 2013 wird die AWO Schuldnerberatungsstellen am AWO-Standort Frankfurter Stra\u00dfe 28 angesiedelt sein. Erstinformationen sind telefonisch unter 0661\/480045-0 oder per E-Mail (info@awo-fulda.de) erh\u00e4ltlich.<\/p>\n<p>&nbsp;<\/p>\n","protected":false},"excerpt":{"rendered":"<div class=\"tmnf_excerpt\"><p>Fulda. Um dem steigenden Bedarf Rechnung zu tragen und noch flexibler auf die Anliegen der Klienten eingehen zu k\u00f6nnen, bietet der AWO Kreisverband Fulda ab Dezember \u00c2\u00a02012 t\u00e4glich eine offene Sprechstunde rund um das Thema \u201eUmgang mit Schulden, \u00dcberschuldung, Schuldenpr\u00e4vention, Privatinsolvenz\u201c an. Die individuellen Beratungen durch unsere Fachberater stehen jedem Interessierten offen. Erg\u00e4nzend bietet die &hellip;<\/p>\n<\/div>","protected":false},"author":1,"featured_media":0,"comment_status":"closed","ping_status":"closed","sticky":false,"template":"","format":"standard","meta":{"footnotes":""},"categories":[1,29],"tags":[],"class_list":["post-103754","post","type-post","status-publish","format-standard","hentry","category-startseite","category-politik"],"_links":{"self":[{"href":"https:\/\/www.fuldaernachrichten.de\/index.php?rest_route=\/wp\/v2\/posts\/103754","targetHints":{"allow":["GET"]}}],"collection":[{"href":"https:\/\/www.fuldaernachrichten.de\/index.php?rest_route=\/wp\/v2\/posts"}],"about":[{"href":"https:\/\/www.fuldaernachrichten.de\/index.php?rest_route=\/wp\/v2\/types\/post"}],"author":[{"embeddable":true,"href":"https:\/\/www.fuldaernachrichten.de\/index.php?rest_route=\/wp\/v2\/users\/1"}],"replies":[{"embeddable":true,"href":"https:\/\/www.fuldaernachrichten.de\/index.php?rest_route=%2Fwp%2Fv2%2Fcomments&post=103754"}],"version-history":[{"count":0,"href":"https:\/\/www.fuldaernachrichten.de\/index.php?rest_route=\/wp\/v2\/posts\/103754\/revisions"}],"wp:attachment":[{"href":"https:\/\/www.fuldaernachrichten.de\/index.php?rest_route=%2Fwp%2Fv2%2Fmedia&parent=103754"}],"wp:term":[{"taxonomy":"category","embeddable":true,"href":"https:\/\/www.fuldaernachrichten.de\/index.php?rest_route=%2Fwp%2Fv2%2Fcategories&post=103754"},{"taxonomy":"post_tag","embeddable":true,"href":"https:\/\/www.fuldaernachrichten.de\/index.php?rest_route=%2Fwp%2Fv2%2Ftags&post=103754"}],"curies":[{"name":"wp","href":"https:\/\/api.w.org\/{rel}","templated":true}]}}