{"id":103749,"date":"2012-11-08T00:13:56","date_gmt":"2012-11-08T00:13:56","guid":{"rendered":"http:\/\/www.fuldaer-nachrichten.de\/?p=103749"},"modified":"2012-11-08T08:38:37","modified_gmt":"2012-11-08T08:38:37","slug":"von-der-theorie-in-die-praxis-fur-ein-semester-vom-weserbergland-in-die-rhon","status":"publish","type":"post","link":"https:\/\/www.fuldaernachrichten.de\/?p=103749","title":{"rendered":"Von der Theorie in die Praxis \u2013 F\u00fcr ein Semester vom Weserbergland in die Rh\u00f6n"},"content":{"rendered":"<p><img fetchpriority=\"high\" decoding=\"async\" class=\"alignleft size-thumbnail wp-image-103750\" title=\"P1030675\" src=\"http:\/\/www.fuldaer-nachrichten.de\/wp-content\/uploads\/2012\/11\/P1030675-265x353.jpg\" alt=\"\" width=\"265\" height=\"353\" srcset=\"https:\/\/www.fuldaernachrichten.de\/wp-content\/uploads\/2012\/11\/P1030675-265x353.jpg 265w, https:\/\/www.fuldaernachrichten.de\/wp-content\/uploads\/2012\/11\/P1030675-198x265.jpg 198w, https:\/\/www.fuldaernachrichten.de\/wp-content\/uploads\/2012\/11\/P1030675.jpg 399w\" sizes=\"(max-width: 265px) 100vw, 265px\" \/>Rh\u00f6n. Einmal hinter die Kulissen eines Biosph\u00e4renreservates schauen und dabei eine der sch\u00f6nsten Landschaften Deutschlands erleben. \u00dcber einen Aushang an der Hochschule hat sich Kerstin Czaja, Studentin der Hochschule Ostwestfalen-Lippe am Standort H\u00f6xter, NRW, f\u00fcr ein \u201ePraktikum f\u00fcr die Umwelt\u201c beim Verein Natur und Lebensraum Rh\u00f6n e.V. auf der Wasserkuppe beworben. Dieses Praktikum wird jedes Jahr von der Commerzbank und EUROPARC Deutschland ausgeschrieben und finanziell unterst\u00fctzt.<!--more--><\/p>\n<p>F\u00fcr die Commerzbank-Praktikantin Czaja sind mittlerweile 10 Wochen im Biosph\u00e4renreservat Rh\u00f6n vergangen, Zeit um Zwischenbilanz zu ziehen. Das Praktikum bietet der Studentin Chancen, bereits erworbene theoretische Inhalte ihres Studiums \u201eLandschaftsarchitektur und Umweltplanung\u201c in den Bereichen der \u00d6ffentlichkeitsarbeit und Umweltbildung sowie in der Auseinandersetzung mit aktuellen Themen wie Klimaschutz, Energie und Umwelt wieder zu finden und zu erweitern. Wesentliche Aufgabenfelder sind die Mitarbeit und Erstellung von Vortr\u00e4gen und Brosch\u00fcren, die Teilnahme an Vortr\u00e4gen zu aktuellen Themen des Reservates, an Forensitzungen, Seminaren, Exkursionen und Presseterminen. Auch die Besichtigung von Pflegema\u00dfnahmenfl\u00e4chen mit Rangern vor Ort erm\u00f6glicht in die Arbeit des Biosph\u00e4renreservates einzublicken. Im Rahmen eines Projektes ist zuk\u00fcnftig die Erneuerung von Informationstafeln im Groenhoff-Haus auf der Wasserkuppe geplant.<\/p>\n<p>Kurz gefasst: Das Praktikum auf der Wasserkuppe erm\u00f6glicht der Praktikantin das Biosph\u00e4renreservat in seiner Sch\u00f6nheit und Vielfalt sowie seinen Aufgaben, Zielen und Ma\u00dfnahmen kennen zu lernen. Es wird ein breites Spektrum an Wissen rund um das Biosph\u00e4renreservat Rh\u00f6n und weit dar\u00fcber hinaus vermittelt. Czaja ist sich sicher: \u201eInsbesondere Praktikanten, die nicht aus der Region stammen, k\u00f6nnen so ihren Horizont erweitern und wichtige Lebenserfahrungen f\u00fcr ihren weiteren Studienverlauf und Berufsweg mitnehmen.\u201c<\/p>\n<p>&nbsp;<\/p>\n<p>Bewerbungen f\u00fcr kommende Open-Air-Semester sind bis zum 15.01.2013 unter <em>www.praktikum-fuer-die-umwelt.de<\/em> m\u00f6glich.<\/p>\n<p>&nbsp;<\/p>\n","protected":false},"excerpt":{"rendered":"<div class=\"tmnf_excerpt\"><p>Rh\u00f6n. Einmal hinter die Kulissen eines Biosph\u00e4renreservates schauen und dabei eine der sch\u00f6nsten Landschaften Deutschlands erleben. \u00dcber einen Aushang an der Hochschule hat sich Kerstin Czaja, Studentin der Hochschule Ostwestfalen-Lippe am Standort H\u00f6xter, NRW, f\u00fcr ein \u201ePraktikum f\u00fcr die Umwelt\u201c beim Verein Natur und Lebensraum Rh\u00f6n e.V. auf der Wasserkuppe beworben. Dieses Praktikum wird jedes &hellip;<\/p>\n<\/div>","protected":false},"author":1,"featured_media":0,"comment_status":"closed","ping_status":"closed","sticky":false,"template":"","format":"standard","meta":{"footnotes":""},"categories":[1,52],"tags":[],"class_list":["post-103749","post","type-post","status-publish","format-standard","hentry","category-startseite","category-umwelt"],"_links":{"self":[{"href":"https:\/\/www.fuldaernachrichten.de\/index.php?rest_route=\/wp\/v2\/posts\/103749","targetHints":{"allow":["GET"]}}],"collection":[{"href":"https:\/\/www.fuldaernachrichten.de\/index.php?rest_route=\/wp\/v2\/posts"}],"about":[{"href":"https:\/\/www.fuldaernachrichten.de\/index.php?rest_route=\/wp\/v2\/types\/post"}],"author":[{"embeddable":true,"href":"https:\/\/www.fuldaernachrichten.de\/index.php?rest_route=\/wp\/v2\/users\/1"}],"replies":[{"embeddable":true,"href":"https:\/\/www.fuldaernachrichten.de\/index.php?rest_route=%2Fwp%2Fv2%2Fcomments&post=103749"}],"version-history":[{"count":0,"href":"https:\/\/www.fuldaernachrichten.de\/index.php?rest_route=\/wp\/v2\/posts\/103749\/revisions"}],"wp:attachment":[{"href":"https:\/\/www.fuldaernachrichten.de\/index.php?rest_route=%2Fwp%2Fv2%2Fmedia&parent=103749"}],"wp:term":[{"taxonomy":"category","embeddable":true,"href":"https:\/\/www.fuldaernachrichten.de\/index.php?rest_route=%2Fwp%2Fv2%2Fcategories&post=103749"},{"taxonomy":"post_tag","embeddable":true,"href":"https:\/\/www.fuldaernachrichten.de\/index.php?rest_route=%2Fwp%2Fv2%2Ftags&post=103749"}],"curies":[{"name":"wp","href":"https:\/\/api.w.org\/{rel}","templated":true}]}}