{"id":103733,"date":"2012-11-07T00:11:56","date_gmt":"2012-11-07T00:11:56","guid":{"rendered":"http:\/\/www.fuldaer-nachrichten.de\/?p=103733"},"modified":"2012-11-07T09:29:37","modified_gmt":"2012-11-07T09:29:37","slug":"gedenkveranstaltung-zur-reichspogromnacht-am-9-november-2012","status":"publish","type":"post","link":"https:\/\/www.fuldaernachrichten.de\/?p=103733","title":{"rendered":"Gedenkveranstaltung zur Reichspogromnacht am 9. November 2012"},"content":{"rendered":"<p>Lauterbach. Die Stadt\u00c2\u00a0 Lauterbach l\u00e4dt auch in diesem Jahr anl\u00e4sslich des\u00c2\u00a0 Jahrestags der Reichspogromnacht im Jahre 1938 zu einer Gedenkveranstaltung am Platz der ehemaligen Synagoge ein. Beginn ist am 09.11.2012 um 18:00 Uhr.\u00c2\u00a0 Zur Gestaltung der Gedenkveranstaltung existiert seit ein paar Jahren eine Vorbereitungsgruppe. Ihr geh\u00f6ren Vertreter der evangelischen Kirchengemeinde, der katholischen Kirchengemeinde, der Lauterbacher Naturfreunde, des Kulturvereins, Vertreter einzelner Schulen und der Kinder- und Jugendparlamente des Vogelsbergkreises und der Kreisstadt Lauterbach an. Sie haben auch in diesem Jahr die Gedenkzeremonie am neu gestalteten Gedenkort vorbereitet.<!--more--><br \/>\nDie Begr\u00fc\u00dfung \u00fcbernimmt Stadtverordnetenvorsteher Lothar Pietsch und Wladimir Pletner wird auf der Geige die Veranstaltung musikalisch umrahmen. Die Vertreter der Kinder- und Jugendparlamente werden im Laufe der Veranstaltung die Namen der ermordeten und vermissten ehemaligen j\u00fcdischen Mitb\u00fcrger verlesen. Mit Hilfe von Personensilhouetten werden sie die Opfer der nationalsozialistischen Vernichtungsmaschinerie symbolisch wieder in unserer Mitte holen. Vor der Verlesung der Namen berichtet Professor Karl-August Helfenbein auf der Basis seiner pers\u00f6nlichen Erfahrung und historischer Recherchen aus dem Leben einzelner Opfer.<\/p>\n<p>Im Anschluss an die Gedenkfeier laden der Kulturverein und das Lauterbacher Lichtspielhaus zu einer Filmvorf\u00fchrung ein. Gezeigt wird der Film \u201eBittere Kirschen\u201c aus dem Jahre 2011. Der Regisseur Didi Danquart erz\u00e4hlt darin die Geschichte von Lena, die auf der Suche nach Antworten auf Fragen, die sie ihrer Mutter nicht mehr stellen konnte nach Auschwitz und trifft dort Julius, den Freund der Mutter aus ihren Kindertagen. Gemeinsam mit den Priester Richard, stellen sich sie alle drei auf der R\u00fcckfahrt unangenehmen Erinnerungen. Beginn ist um 20 Uhr. Der Eintritt ist frei.<\/p>\n","protected":false},"excerpt":{"rendered":"<div class=\"tmnf_excerpt\"><p>Lauterbach. Die Stadt\u00c2\u00a0 Lauterbach l\u00e4dt auch in diesem Jahr anl\u00e4sslich des\u00c2\u00a0 Jahrestags der Reichspogromnacht im Jahre 1938 zu einer Gedenkveranstaltung am Platz der ehemaligen Synagoge ein. Beginn ist am 09.11.2012 um 18:00 Uhr.\u00c2\u00a0 Zur Gestaltung der Gedenkveranstaltung existiert seit ein paar Jahren eine Vorbereitungsgruppe. Ihr geh\u00f6ren Vertreter der evangelischen Kirchengemeinde, der katholischen Kirchengemeinde, der Lauterbacher &hellip;<\/p>\n<\/div>","protected":false},"author":1,"featured_media":0,"comment_status":"closed","ping_status":"closed","sticky":false,"template":"","format":"standard","meta":{"footnotes":""},"categories":[1,29],"tags":[],"class_list":["post-103733","post","type-post","status-publish","format-standard","hentry","category-startseite","category-politik"],"_links":{"self":[{"href":"https:\/\/www.fuldaernachrichten.de\/index.php?rest_route=\/wp\/v2\/posts\/103733","targetHints":{"allow":["GET"]}}],"collection":[{"href":"https:\/\/www.fuldaernachrichten.de\/index.php?rest_route=\/wp\/v2\/posts"}],"about":[{"href":"https:\/\/www.fuldaernachrichten.de\/index.php?rest_route=\/wp\/v2\/types\/post"}],"author":[{"embeddable":true,"href":"https:\/\/www.fuldaernachrichten.de\/index.php?rest_route=\/wp\/v2\/users\/1"}],"replies":[{"embeddable":true,"href":"https:\/\/www.fuldaernachrichten.de\/index.php?rest_route=%2Fwp%2Fv2%2Fcomments&post=103733"}],"version-history":[{"count":0,"href":"https:\/\/www.fuldaernachrichten.de\/index.php?rest_route=\/wp\/v2\/posts\/103733\/revisions"}],"wp:attachment":[{"href":"https:\/\/www.fuldaernachrichten.de\/index.php?rest_route=%2Fwp%2Fv2%2Fmedia&parent=103733"}],"wp:term":[{"taxonomy":"category","embeddable":true,"href":"https:\/\/www.fuldaernachrichten.de\/index.php?rest_route=%2Fwp%2Fv2%2Fcategories&post=103733"},{"taxonomy":"post_tag","embeddable":true,"href":"https:\/\/www.fuldaernachrichten.de\/index.php?rest_route=%2Fwp%2Fv2%2Ftags&post=103733"}],"curies":[{"name":"wp","href":"https:\/\/api.w.org\/{rel}","templated":true}]}}