{"id":103730,"date":"2012-11-07T00:17:53","date_gmt":"2012-11-07T00:17:53","guid":{"rendered":"http:\/\/www.fuldaer-nachrichten.de\/?p=103730"},"modified":"2012-11-07T09:28:43","modified_gmt":"2012-11-07T09:28:43","slug":"im-radio-zwei-junge-lebensretter-aus-fulda-gefunden-aufruf-uber-hr1-bringt-retter-und-geretteten-zusammen","status":"publish","type":"post","link":"https:\/\/www.fuldaernachrichten.de\/?p=103730","title":{"rendered":"Im Radio: Zwei junge Lebensretter aus Fulda gefunden &#8211; Aufruf \u00fcber hr1 bringt Retter und Geretteten zusammen"},"content":{"rendered":"<p><img fetchpriority=\"high\" decoding=\"async\" class=\"alignleft size-thumbnail wp-image-103731\" title=\"P1070322\" src=\"http:\/\/www.fuldaer-nachrichten.de\/wp-content\/uploads\/2012\/11\/P1070322-265x353.jpg\" alt=\"\" width=\"265\" height=\"353\" srcset=\"https:\/\/www.fuldaernachrichten.de\/wp-content\/uploads\/2012\/11\/P1070322-265x353.jpg 265w, https:\/\/www.fuldaernachrichten.de\/wp-content\/uploads\/2012\/11\/P1070322-198x265.jpg 198w, https:\/\/www.fuldaernachrichten.de\/wp-content\/uploads\/2012\/11\/P1070322.jpg 399w\" sizes=\"(max-width: 265px) 100vw, 265px\" \/>Fulda. Die Geschichte, die viele H\u00f6rer bewegte, begann so: Margit Taubitz aus Mannheim hatte an hr1 eine Mail geschickt: Mit ihrem Mann Paul habe sie sie Anfang Oktober einige sch\u00f6ne Urlaubstage im kroatischen Porec verbracht. Doch dann kam das j\u00e4he Ferienende: Eines Abends brach Ehemann Paul im Hotel mit einem Herzinfarkt zusammen. Ein junger Mann war zu Hilfe geeilt und begann sofort mit einer Herzmassage. \u201eDadurch kam mein Mann wieder zur\u00fcck&#8221;, schrieb Margit Taubitz an hr1. \u201eAm n\u00e4chsten Tag fuhr der junge Mann mit seiner Abitursklasse wieder nach Hause. Ich hatte keine M\u00f6glichkeit mehr, mir seine Adresse geben zu lassen. Mein Mann hat nur \u00fcberlebt, weil der Junge so schnell reagierte.&#8221; Ihre Idee: \u00dcbers Radio den Sch\u00fcler wiederzufinden, von dem sie vermutete, dass er Thomas hei\u00dft und aus Gro\u00df-Gerau stammt. Und bat hr1: &#8220;Wir w\u00fcrden uns freuen, wenn Sie die M\u00f6glichkeit h\u00e4tten, ihn \u00fcbers Radio zu finden. Mein Mann w\u00fcrde ihn sehr gerne in den Arm nehmen.&#8221; <!--more--><\/p>\n<p>hr1 half gerne und fragte am Dienstagmorgen, wer Hinweise auf Lebensretter Thomas aus S\u00fcdhessen geben kann. Etliche Anrufe, Hinweise und Mails hatten den Radiosender daraufhin erreicht. hr1-Reporter Philipp Wellh\u00f6fer st\u00fcrzte sich in die Recherche, telefonierte sich durch viele Schulen und hatte schlie\u00dflich \u201eThomas&#8221; am Telefon. Gro\u00dfe \u00dcberraschung: \u201eThomas\u201c hei\u00dft in Wirklichkeit Sebastian Klingenberger, ist 21 Jahre alt und kommt nicht aus Gro\u00df-Gerau, sondern aus Fulda. Aber er ist auf jeden Fall der engagierte Lebensretter, der im Urlaub so beherzt eingegriffen hat. Und: Er hatte eine Helferin, ohne die es vielleicht nicht gelungen w\u00e4re, das Leben von Paul Taubitz zu retten: Lorena Schad, 18 Jahre alt. Die beiden jungen Fuldaer machen an der Richard-M\u00fcller-Schule ihr Abitur. \u00dcber ihren spontanen und engagierten Einsatz auf der Klassenfahrt in Kroatien freut sich auch ihr Lehrer, Studiendirektor Hubert Krah: \u201eIch bin stolz auf unsere beiden Abiturienten in spe, dass sie beherzt und spontan die lebensrettenden Ma\u00dfnahmen vorgenommen haben.\u201c<\/p>\n<p>Sebastian Klingenberger selbst wurde von der Nachricht, dass er \u201egesucht\u201c wird, im Unterricht \u00fcberrascht. \u201eDa kam mein Schulleiter rein und sagte, dass hr1 mit mir sprechen m\u00f6chte. \u201c Im Radio erz\u00e4hlte er dann die Geschichte nochmal aus seiner Sicht: wie er und Lorena auf der Tanzfl\u00e4che im Hotel Hilferufe geh\u00f6rt h\u00e4tten, wie sie Paul Taubitz am Boden \u201ekrampfend\u201c vorgefunden und dann die erforderliche erste Hilfe geleistet h\u00e4tten. \u201eIch habe nicht dr\u00fcber nachgedacht, man funktioniert dann einfach.\u201c<\/p>\n<p>Die Freude beim Ehepaar Taubitz \u00fcber die gefundenen Retter war am sp\u00e4ten Dienstagnachmittag nat\u00fcrlich gro\u00df. Der Gerettete liege zwar noch im Krankenhaus, es ginge ihm aber gut, teilt Margit Taubitz mit. Per telefonischer Zusammenschaltung im Programm von hr1 wollte sie sich am Mittwochmorgen mit Sebastian Klingenberger im Radio unterhalten und ihm endlich pers\u00f6nlich danken. Dem jungen Mann aus Fulda ist der Rummel fast schon ein bisschen peinlich: \u201eIch wollte das nicht an die gro\u00dfe Glocke h\u00e4ngen, ich habe das gerne gemacht.&#8221;\u00c2\u00a0 (hr1\/Bild: Hubert Krah)<\/p>\n","protected":false},"excerpt":{"rendered":"<div class=\"tmnf_excerpt\"><p>Fulda. Die Geschichte, die viele H\u00f6rer bewegte, begann so: Margit Taubitz aus Mannheim hatte an hr1 eine Mail geschickt: Mit ihrem Mann Paul habe sie sie Anfang Oktober einige sch\u00f6ne Urlaubstage im kroatischen Porec verbracht. Doch dann kam das j\u00e4he Ferienende: Eines Abends brach Ehemann Paul im Hotel mit einem Herzinfarkt zusammen. Ein junger Mann &hellip;<\/p>\n<\/div>","protected":false},"author":1,"featured_media":0,"comment_status":"closed","ping_status":"closed","sticky":false,"template":"","format":"standard","meta":{"footnotes":""},"categories":[1,51],"tags":[],"class_list":["post-103730","post","type-post","status-publish","format-standard","hentry","category-startseite","category-medizin"],"_links":{"self":[{"href":"https:\/\/www.fuldaernachrichten.de\/index.php?rest_route=\/wp\/v2\/posts\/103730","targetHints":{"allow":["GET"]}}],"collection":[{"href":"https:\/\/www.fuldaernachrichten.de\/index.php?rest_route=\/wp\/v2\/posts"}],"about":[{"href":"https:\/\/www.fuldaernachrichten.de\/index.php?rest_route=\/wp\/v2\/types\/post"}],"author":[{"embeddable":true,"href":"https:\/\/www.fuldaernachrichten.de\/index.php?rest_route=\/wp\/v2\/users\/1"}],"replies":[{"embeddable":true,"href":"https:\/\/www.fuldaernachrichten.de\/index.php?rest_route=%2Fwp%2Fv2%2Fcomments&post=103730"}],"version-history":[{"count":1,"href":"https:\/\/www.fuldaernachrichten.de\/index.php?rest_route=\/wp\/v2\/posts\/103730\/revisions"}],"predecessor-version":[{"id":103732,"href":"https:\/\/www.fuldaernachrichten.de\/index.php?rest_route=\/wp\/v2\/posts\/103730\/revisions\/103732"}],"wp:attachment":[{"href":"https:\/\/www.fuldaernachrichten.de\/index.php?rest_route=%2Fwp%2Fv2%2Fmedia&parent=103730"}],"wp:term":[{"taxonomy":"category","embeddable":true,"href":"https:\/\/www.fuldaernachrichten.de\/index.php?rest_route=%2Fwp%2Fv2%2Fcategories&post=103730"},{"taxonomy":"post_tag","embeddable":true,"href":"https:\/\/www.fuldaernachrichten.de\/index.php?rest_route=%2Fwp%2Fv2%2Ftags&post=103730"}],"curies":[{"name":"wp","href":"https:\/\/api.w.org\/{rel}","templated":true}]}}