{"id":103726,"date":"2012-11-07T00:20:58","date_gmt":"2012-11-07T00:20:58","guid":{"rendered":"http:\/\/www.fuldaer-nachrichten.de\/?p=103726"},"modified":"2012-11-07T09:20:36","modified_gmt":"2012-11-07T09:20:36","slug":"autohaus-sorg-prasentiert-drei-produktneuheiten-neue-fahrzeuge-von-ford-stehen-am-10-und-11-november-im-fokus","status":"publish","type":"post","link":"https:\/\/www.fuldaernachrichten.de\/?p=103726","title":{"rendered":"Autohaus Sorg pr\u00e4sentiert drei Produktneuheiten &#8211; Neue Fahrzeuge von Ford stehen am 10. und 11. November im Fokus"},"content":{"rendered":"<p><strong><img decoding=\"async\" class=\"alignleft size-thumbnail wp-image-103727\" title=\"Ford_B-MAX_Seitenansicht\" src=\"http:\/\/www.fuldaer-nachrichten.de\/wp-content\/uploads\/2012\/11\/Ford_B-MAX_Seitenansicht-265x148.jpg\" alt=\"\" width=\"265\" height=\"148\" srcset=\"https:\/\/www.fuldaernachrichten.de\/wp-content\/uploads\/2012\/11\/Ford_B-MAX_Seitenansicht-265x148.jpg 265w, https:\/\/www.fuldaernachrichten.de\/wp-content\/uploads\/2012\/11\/Ford_B-MAX_Seitenansicht.jpg 600w\" sizes=\"(max-width: 265px) 100vw, 265px\" \/>Fulda. <\/strong>\u201eDer neue B-Max ist ein neuer Meilenstein in der Automobilgeschichte und wir sind stolz dieses Fahrzeug zur offiziellen Produkteinf\u00fchrung unseren Kunden zu pr\u00e4sentieren\u201c, zeigt sich Helmut Sorg begeistert. Das Autohaus Sorg stellt daher diese Produktneuheit, sowie weitere Highlights von Ford, wie den Transit Custom und den Ford Nugget am Samstag, 10. November und Sonntag, 11. November von 10 bis 17 Uhr in den Fokus. \u201eWunder-Van aus K\u00f6ln\u201c titelt der Focus, \u201eso neu, wie sonst kein Fahrzeugkonzept\u201c, meint Auto-Motor-Sport und verspricht \u201eVorfreude auf die erste Ausfahrt\u201c. MAV (Multi-Activity-Vehicle) nennt Ford das neugeschaffene Fahrzeugkonzept des Ford B-Max: Die Schiebet\u00fcren dieser komplett neu entwickelten Baureihe bieten bei ge\u00f6ffneten Vordert\u00fcren und Panorama-Schiebet\u00fcren eine Einstiegsbreite von je 1,50 m. \u201eErm\u00f6glicht wird dieser bisher ungekannte Komfort durch eine Integration der B-S\u00e4ulen in die Panorama-Schiebet\u00fcren\u201c, erkl\u00e4rt Verkaufsleiter Torsten Racky. <!--more--><\/p>\n<p>In Kombination mit einem flexiblen Sitzsystem erlaube dies eine in diesem Fahrzeugsegment einmalige Ladefl\u00e4che. Wie das neu definierte T\u00fcrkonzept den Ein- und Ausstieg f\u00fcr alle Insassen vereinfacht, Kindersitze leichter zug\u00e4nglich macht und sperriges Gep\u00e4ck sich so problemlos einladen l\u00e4sst, davon k\u00f6nnen sich die Besucher am kommenden Wochenende im Autohaus Sorg \u00fcberzeugen. Und bei einer Probefahrt nat\u00fcrlich auch davon, dass der neue Ford \u2013 wie alle anderen ausgestellten Modelle des K\u00f6lner Autobauers \u2013 auch unter der Haube mit Klassenbestwerten in Kraftstoffverbrauch und CO2-Emissionen gl\u00e4nzt \u2013 und das sowohl bei Benzin- als auch bei Dieselmotoren. F\u00fcr jede Probefahrt am Samstag gibt es einen Fu\u00dfball geschenkt.<\/p>\n<p><strong><\/strong>Erstmalig in Fulda zu sehen ist der von einer Fachjury als \u201eInternational Van of the Year 2013\u201c ausgezeichnete Ford Transit Custom: \u201eDieser neue Ford Transit setzt Ma\u00dfst\u00e4be in Bezug auf Styling, Fahrkomfort und Nutzlast&#8221;, meint Helmut Sorg, gesch\u00e4ftsf\u00fchrender Gesellschafter des Autohauses Sorg. Mit der Strategie, seine Nutzfahrzeuge auf Pkw-Niveau zu designen und auch auszustatten, ist Ford seit Jahren auf Erfolgskurs \u2013 und so soll auch der Transit Custom im Segment der mittelgro\u00dfen Transporter punkten. Im Gegensatz zum Custom wendet sich Ford mit dem Freizeitvan Ford Transit Nugget nicht an Gewerbetreibende, sondern an Privatpersonen. Ob spontaner Ausflug, Wochenend-Trip oder ausgedehnte Urlaubsreise: Der Ford Transit Nugget bietet ein attraktives Interieur mit einer modernen Einrichtung und einem Zweiraumkonzept mit bis zu vier Schlafpl\u00e4tzen sowie jeder Menge intelligentem Stauraum. \u201eDamit ist dieses perfekt ausgestattete Freizeitfahrzeug den hohen Anspr\u00fcchen einer Urlaubsreise gewachsen \u2013 wo auch immer Sie unterwegs sind\u201c, erkl\u00e4rt Verkaufsleiter Torsten Racky.<\/p>\n<p>F\u00fcr alle Interessenten gibt es au\u00dferdem kostenlose Gebrauchtwagenbewertungen sowie ein gro\u00dfes Gewinnspiel mit attraktiven Preisen \u2013 und am \u201eMartinsmarkt\u201c des Autohauses Sorg ist mit Gl\u00fchwein und Gulaschsuppe f\u00fcr das leibliche Wohl gesorgt. Die Experten des Autohauses Sorg stehen nat\u00fcrlich nicht nur am kommenden Wochenende gerne mit Rat und Tat zur Seite. Im Autohaus in der Fuldaer Kreuzbergstra\u00dfe gibt es jederzeit kompetente Beratung, attraktive Angebote und vollen Kundenservice. <a href=\"http:\/\/www.ford-sorg.de\" target=\"_blank\">www.ford-sorg.de<\/a><\/p>\n","protected":false},"excerpt":{"rendered":"<div class=\"tmnf_excerpt\"><p>Fulda. \u201eDer neue B-Max ist ein neuer Meilenstein in der Automobilgeschichte und wir sind stolz dieses Fahrzeug zur offiziellen Produkteinf\u00fchrung unseren Kunden zu pr\u00e4sentieren\u201c, zeigt sich Helmut Sorg begeistert. Das Autohaus Sorg stellt daher diese Produktneuheit, sowie weitere Highlights von Ford, wie den Transit Custom und den Ford Nugget am Samstag, 10. November und Sonntag, &hellip;<\/p>\n<\/div>","protected":false},"author":1,"featured_media":0,"comment_status":"closed","ping_status":"closed","sticky":false,"template":"","format":"standard","meta":{"footnotes":""},"categories":[1,35],"tags":[],"class_list":["post-103726","post","type-post","status-publish","format-standard","hentry","category-startseite","category-auto"],"_links":{"self":[{"href":"https:\/\/www.fuldaernachrichten.de\/index.php?rest_route=\/wp\/v2\/posts\/103726","targetHints":{"allow":["GET"]}}],"collection":[{"href":"https:\/\/www.fuldaernachrichten.de\/index.php?rest_route=\/wp\/v2\/posts"}],"about":[{"href":"https:\/\/www.fuldaernachrichten.de\/index.php?rest_route=\/wp\/v2\/types\/post"}],"author":[{"embeddable":true,"href":"https:\/\/www.fuldaernachrichten.de\/index.php?rest_route=\/wp\/v2\/users\/1"}],"replies":[{"embeddable":true,"href":"https:\/\/www.fuldaernachrichten.de\/index.php?rest_route=%2Fwp%2Fv2%2Fcomments&post=103726"}],"version-history":[{"count":0,"href":"https:\/\/www.fuldaernachrichten.de\/index.php?rest_route=\/wp\/v2\/posts\/103726\/revisions"}],"wp:attachment":[{"href":"https:\/\/www.fuldaernachrichten.de\/index.php?rest_route=%2Fwp%2Fv2%2Fmedia&parent=103726"}],"wp:term":[{"taxonomy":"category","embeddable":true,"href":"https:\/\/www.fuldaernachrichten.de\/index.php?rest_route=%2Fwp%2Fv2%2Fcategories&post=103726"},{"taxonomy":"post_tag","embeddable":true,"href":"https:\/\/www.fuldaernachrichten.de\/index.php?rest_route=%2Fwp%2Fv2%2Ftags&post=103726"}],"curies":[{"name":"wp","href":"https:\/\/api.w.org\/{rel}","templated":true}]}}