{"id":103718,"date":"2012-11-07T00:11:37","date_gmt":"2012-11-07T00:11:37","guid":{"rendered":"http:\/\/www.fuldaer-nachrichten.de\/?p=103718"},"modified":"2012-11-07T09:08:06","modified_gmt":"2012-11-07T09:08:06","slug":"fuldas-erster-horclub-beginnt-wieder","status":"publish","type":"post","link":"https:\/\/www.fuldaernachrichten.de\/?p=103718","title":{"rendered":"Fuldas erster H\u00f6rclub beginnt wieder"},"content":{"rendered":"<p>Fulda (cp). Das Jugendbildungswerk der Stadt Fulda startet ab Mittwoch, den 14. November 2012 von 14.30 bis 16.00 Uhr wieder den ersten Fuldaer H\u00f6rclub. In den R\u00e4umen des Offenen Kanals Fulda\u00c2\u00a0 gibt es dort f\u00fcr Kinder von 6 bis 12 Jahren \u201ejede Menge auf die Ohren\u201c.\u00c2\u00a0 Die Kinder lernen, was das Ohr alles an Ger\u00e4uschen unterscheiden kann, bauen Ger\u00e4uschememorys, basteln Klangbaustellen und erfinden eigene Geschichten und vertonen diese. Alle Kinder, die teilnehmen, erhalten am Ende der Veranstaltung ein Ohrzertifikat. Es finden insgesamt vier Termine statt, jeweils Mittwochs 14. November, 21. November, 28. November und 05. Dezember 2012 von 14.30 bis 16.00 Uhr. Die Teilnahmegeb\u00fchr betr\u00e4gt f\u00fcr alle Termine incl. Material 5 \u00e2\u201a\u00ac. Die Anmeldung muss schriftlich erfolgen. Informationen erteilt Heike M\u00fcnker vom Jugendbildungswerk der Stadt Fulda, Zitronemannsg\u00e4sschen 2, 36037 Fulda, Tel. 0661\/102-1993.<\/p>\n","protected":false},"excerpt":{"rendered":"<div class=\"tmnf_excerpt\"><p>Fulda (cp). Das Jugendbildungswerk der Stadt Fulda startet ab Mittwoch, den 14. November 2012 von 14.30 bis 16.00 Uhr wieder den ersten Fuldaer H\u00f6rclub. In den R\u00e4umen des Offenen Kanals Fulda\u00c2\u00a0 gibt es dort f\u00fcr Kinder von 6 bis 12 Jahren \u201ejede Menge auf die Ohren\u201c.\u00c2\u00a0 Die Kinder lernen, was das Ohr alles an Ger\u00e4uschen &hellip;<\/p>\n<\/div>","protected":false},"author":1,"featured_media":0,"comment_status":"closed","ping_status":"closed","sticky":false,"template":"","format":"standard","meta":{"footnotes":""},"categories":[1,29],"tags":[],"class_list":["post-103718","post","type-post","status-publish","format-standard","hentry","category-startseite","category-politik"],"_links":{"self":[{"href":"https:\/\/www.fuldaernachrichten.de\/index.php?rest_route=\/wp\/v2\/posts\/103718","targetHints":{"allow":["GET"]}}],"collection":[{"href":"https:\/\/www.fuldaernachrichten.de\/index.php?rest_route=\/wp\/v2\/posts"}],"about":[{"href":"https:\/\/www.fuldaernachrichten.de\/index.php?rest_route=\/wp\/v2\/types\/post"}],"author":[{"embeddable":true,"href":"https:\/\/www.fuldaernachrichten.de\/index.php?rest_route=\/wp\/v2\/users\/1"}],"replies":[{"embeddable":true,"href":"https:\/\/www.fuldaernachrichten.de\/index.php?rest_route=%2Fwp%2Fv2%2Fcomments&post=103718"}],"version-history":[{"count":0,"href":"https:\/\/www.fuldaernachrichten.de\/index.php?rest_route=\/wp\/v2\/posts\/103718\/revisions"}],"wp:attachment":[{"href":"https:\/\/www.fuldaernachrichten.de\/index.php?rest_route=%2Fwp%2Fv2%2Fmedia&parent=103718"}],"wp:term":[{"taxonomy":"category","embeddable":true,"href":"https:\/\/www.fuldaernachrichten.de\/index.php?rest_route=%2Fwp%2Fv2%2Fcategories&post=103718"},{"taxonomy":"post_tag","embeddable":true,"href":"https:\/\/www.fuldaernachrichten.de\/index.php?rest_route=%2Fwp%2Fv2%2Ftags&post=103718"}],"curies":[{"name":"wp","href":"https:\/\/api.w.org\/{rel}","templated":true}]}}