{"id":103717,"date":"2012-11-07T00:10:54","date_gmt":"2012-11-07T00:10:54","guid":{"rendered":"http:\/\/www.fuldaer-nachrichten.de\/?p=103717"},"modified":"2012-11-07T09:07:28","modified_gmt":"2012-11-07T09:07:28","slug":"sperrung-der-petersberger-strase-b-458","status":"publish","type":"post","link":"https:\/\/www.fuldaernachrichten.de\/?p=103717","title":{"rendered":"Sperrung der Petersberger Stra\u00dfe (B 458)"},"content":{"rendered":"<p>Fulda (cp). Aufgrund von Br\u00fcckenbauarbeiten muss die Petersberger Stra\u00dfe (B 458) in H\u00f6he der DB-\u00dcberf\u00fchrung von Samstag, 10. November 2012 20.00 Uhr bis voraussichtlich Sonntag, 11. November 2012 08.00 voll gesperrt werden.<br \/>\nUmleitungen sind stadtausw\u00e4rts \u00fcber die Strecke Am Emaillierwerk \u2013 K\u00fcnzeller Stra\u00dfe \u2013 Michael-Henkel-Stra\u00dfe \u2013 Am Kleegarten und stadteinw\u00e4rts \u00fcber die Strecken Am Kleegarten \u2013 Michael-Henkel-Stra\u00dfe \u2013 K\u00fcnzeller Stra\u00dfe \u2013 Heinrichstra\u00dfe bzw. Zieherser Weg \u2013 Magdeburger Stra\u00dfe \u2013 Kurf\u00fcrstenstra\u00dfe \u2013 Am Bahnhof ausgeschildert. Die Linien 1 und 2 des \u00d6PNV werden die Haltestellen \u201eAm Sch\u00fctzenhaus\u201c und \u201eDientzenhoferstra\u00dfe\u201c w\u00e4hrend der Sperrung nicht anfahren.<\/p>\n","protected":false},"excerpt":{"rendered":"<div class=\"tmnf_excerpt\"><p>Fulda (cp). Aufgrund von Br\u00fcckenbauarbeiten muss die Petersberger Stra\u00dfe (B 458) in H\u00f6he der DB-\u00dcberf\u00fchrung von Samstag, 10. November 2012 20.00 Uhr bis voraussichtlich Sonntag, 11. November 2012 08.00 voll gesperrt werden. Umleitungen sind stadtausw\u00e4rts \u00fcber die Strecke Am Emaillierwerk \u2013 K\u00fcnzeller Stra\u00dfe \u2013 Michael-Henkel-Stra\u00dfe \u2013 Am Kleegarten und stadteinw\u00e4rts \u00fcber die Strecken Am Kleegarten &hellip;<\/p>\n<\/div>","protected":false},"author":1,"featured_media":0,"comment_status":"closed","ping_status":"closed","sticky":false,"template":"","format":"standard","meta":{"footnotes":""},"categories":[1,35],"tags":[],"class_list":["post-103717","post","type-post","status-publish","format-standard","hentry","category-startseite","category-auto"],"_links":{"self":[{"href":"https:\/\/www.fuldaernachrichten.de\/index.php?rest_route=\/wp\/v2\/posts\/103717","targetHints":{"allow":["GET"]}}],"collection":[{"href":"https:\/\/www.fuldaernachrichten.de\/index.php?rest_route=\/wp\/v2\/posts"}],"about":[{"href":"https:\/\/www.fuldaernachrichten.de\/index.php?rest_route=\/wp\/v2\/types\/post"}],"author":[{"embeddable":true,"href":"https:\/\/www.fuldaernachrichten.de\/index.php?rest_route=\/wp\/v2\/users\/1"}],"replies":[{"embeddable":true,"href":"https:\/\/www.fuldaernachrichten.de\/index.php?rest_route=%2Fwp%2Fv2%2Fcomments&post=103717"}],"version-history":[{"count":0,"href":"https:\/\/www.fuldaernachrichten.de\/index.php?rest_route=\/wp\/v2\/posts\/103717\/revisions"}],"wp:attachment":[{"href":"https:\/\/www.fuldaernachrichten.de\/index.php?rest_route=%2Fwp%2Fv2%2Fmedia&parent=103717"}],"wp:term":[{"taxonomy":"category","embeddable":true,"href":"https:\/\/www.fuldaernachrichten.de\/index.php?rest_route=%2Fwp%2Fv2%2Fcategories&post=103717"},{"taxonomy":"post_tag","embeddable":true,"href":"https:\/\/www.fuldaernachrichten.de\/index.php?rest_route=%2Fwp%2Fv2%2Ftags&post=103717"}],"curies":[{"name":"wp","href":"https:\/\/api.w.org\/{rel}","templated":true}]}}