{"id":103715,"date":"2012-11-07T00:14:15","date_gmt":"2012-11-07T00:14:15","guid":{"rendered":"http:\/\/www.fuldaer-nachrichten.de\/?p=103715"},"modified":"2012-11-07T09:06:41","modified_gmt":"2012-11-07T09:06:41","slug":"die-tanz-freunde-fulda-laden-zum-hochkaratigen-tanzsport-turnier-um-den-wella-pokal-ein","status":"publish","type":"post","link":"https:\/\/www.fuldaernachrichten.de\/?p=103715","title":{"rendered":"Die Tanz-Freunde Fulda laden zum hochkar\u00e4tigen Tanzsport-Turnier um den Wella-Pokal ein"},"content":{"rendered":"<p><strong><img fetchpriority=\"high\" decoding=\"async\" class=\"alignleft size-thumbnail wp-image-103716\" title=\"Oliver-Steinhoff\" src=\"http:\/\/www.fuldaer-nachrichten.de\/wp-content\/uploads\/2012\/11\/Oliver-Steinhoff-265x374.jpg\" alt=\"\" width=\"265\" height=\"374\" srcset=\"https:\/\/www.fuldaernachrichten.de\/wp-content\/uploads\/2012\/11\/Oliver-Steinhoff-265x374.jpg 265w, https:\/\/www.fuldaernachrichten.de\/wp-content\/uploads\/2012\/11\/Oliver-Steinhoff-187x265.jpg 187w, https:\/\/www.fuldaernachrichten.de\/wp-content\/uploads\/2012\/11\/Oliver-Steinhoff.jpg 399w\" sizes=\"(max-width: 265px) 100vw, 265px\" \/>H\u00fcnfeld<\/strong> (brg) Am 24. November 2012 laden die Tanz-Freunde Fulda zum 24. H\u00fcnfelder Herbstball mit Tanzturnier um den Wella Pokal ein, der inzwischen zu einer liebgewonnenen Tradition f\u00fcr viele Tanzbegeisterte aus der Region geworden ist. Die Veranstaltung unter der Schirmherrschaft von B\u00fcrgermeister Dr. Eberhard Fennel startet um 20.00 Uhr mit einem hochkar\u00e4tigen Hauptgruppe A-Latein-Turnier mit internationalen Paaren. F\u00fcr die musikalische Gestaltung des Abends sorgt auch in diesem Jahr das Tanz-Orchester Michael Holz. Selbstverst\u00e4ndlich bekommt das Publikum genug Gelegenheiten, selber\u00c2\u00a0 zu dieser schwungvollen Musik zu tanzen. Als ein Highlight des Abends wird der Europameister der Elvis-Imitatoren Oliver Steinhoff begeistern und die F\u00fc\u00dfe der G\u00e4ste zum Wippen bringen. Restkarten f\u00fcr dieses gro\u00dfartige Event erhalten Sie unter der Telefon-Nr. 0661\/33569 oder unter <a href=\"mailto:wellapokal@tanz-freunde-fulda.de\">wellapokal@tanz-freunde-fulda.de<\/a>.<\/p>\n<p>&nbsp;<\/p>\n<p>&nbsp;<\/p>\n<p align=\"right\">\n<p>&nbsp;<\/p>\n<p>&nbsp;<\/p>\n","protected":false},"excerpt":{"rendered":"<div class=\"tmnf_excerpt\"><p>H\u00fcnfeld (brg) Am 24. November 2012 laden die Tanz-Freunde Fulda zum 24. H\u00fcnfelder Herbstball mit Tanzturnier um den Wella Pokal ein, der inzwischen zu einer liebgewonnenen Tradition f\u00fcr viele Tanzbegeisterte aus der Region geworden ist. Die Veranstaltung unter der Schirmherrschaft von B\u00fcrgermeister Dr. Eberhard Fennel startet um 20.00 Uhr mit einem hochkar\u00e4tigen Hauptgruppe A-Latein-Turnier mit &hellip;<\/p>\n<\/div>","protected":false},"author":1,"featured_media":0,"comment_status":"closed","ping_status":"closed","sticky":false,"template":"","format":"standard","meta":{"footnotes":""},"categories":[1,44,46],"tags":[],"class_list":["post-103715","post","type-post","status-publish","format-standard","hentry","category-startseite","category-kultur","category-sport"],"_links":{"self":[{"href":"https:\/\/www.fuldaernachrichten.de\/index.php?rest_route=\/wp\/v2\/posts\/103715","targetHints":{"allow":["GET"]}}],"collection":[{"href":"https:\/\/www.fuldaernachrichten.de\/index.php?rest_route=\/wp\/v2\/posts"}],"about":[{"href":"https:\/\/www.fuldaernachrichten.de\/index.php?rest_route=\/wp\/v2\/types\/post"}],"author":[{"embeddable":true,"href":"https:\/\/www.fuldaernachrichten.de\/index.php?rest_route=\/wp\/v2\/users\/1"}],"replies":[{"embeddable":true,"href":"https:\/\/www.fuldaernachrichten.de\/index.php?rest_route=%2Fwp%2Fv2%2Fcomments&post=103715"}],"version-history":[{"count":0,"href":"https:\/\/www.fuldaernachrichten.de\/index.php?rest_route=\/wp\/v2\/posts\/103715\/revisions"}],"wp:attachment":[{"href":"https:\/\/www.fuldaernachrichten.de\/index.php?rest_route=%2Fwp%2Fv2%2Fmedia&parent=103715"}],"wp:term":[{"taxonomy":"category","embeddable":true,"href":"https:\/\/www.fuldaernachrichten.de\/index.php?rest_route=%2Fwp%2Fv2%2Fcategories&post=103715"},{"taxonomy":"post_tag","embeddable":true,"href":"https:\/\/www.fuldaernachrichten.de\/index.php?rest_route=%2Fwp%2Fv2%2Ftags&post=103715"}],"curies":[{"name":"wp","href":"https:\/\/api.w.org\/{rel}","templated":true}]}}