{"id":103708,"date":"2012-11-07T00:12:15","date_gmt":"2012-11-07T00:12:15","guid":{"rendered":"http:\/\/www.fuldaer-nachrichten.de\/?p=103708"},"modified":"2012-11-07T08:56:36","modified_gmt":"2012-11-07T08:56:36","slug":"tragikomodie-im-a-cyborg-but-thats-ok-am-freitag-im-cafe-panama","status":"publish","type":"post","link":"https:\/\/www.fuldaernachrichten.de\/?p=103708","title":{"rendered":"Tragikom\u00f6die  &#8220;I&#8217;m a Cyborg but that&#8217;s OK&#8221; am Freitag im Caf\u00e9 Panama"},"content":{"rendered":"<p><img fetchpriority=\"high\" decoding=\"async\" class=\"alignleft size-thumbnail wp-image-103709\" title=\"Cyborg_Poster\" src=\"http:\/\/www.fuldaer-nachrichten.de\/wp-content\/uploads\/2012\/11\/Cyborg_Poster-265x374.jpg\" alt=\"\" width=\"265\" height=\"374\" srcset=\"https:\/\/www.fuldaernachrichten.de\/wp-content\/uploads\/2012\/11\/Cyborg_Poster-265x374.jpg 265w, https:\/\/www.fuldaernachrichten.de\/wp-content\/uploads\/2012\/11\/Cyborg_Poster-187x265.jpg 187w, https:\/\/www.fuldaernachrichten.de\/wp-content\/uploads\/2012\/11\/Cyborg_Poster-424x600.jpg 424w, https:\/\/www.fuldaernachrichten.de\/wp-content\/uploads\/2012\/11\/Cyborg_Poster.jpg 600w\" sizes=\"(max-width: 265px) 100vw, 265px\" \/>Fulda. Die Kultur- und Kinoinitiative Fulda e.V. zeigt am Freitag, den 9.11.2012 um 20:00 Uhr im Caf\u00e9 Panama in der Langebr\u00fcckenstr. 14, 36037 Fulda, die Tragikom\u00f6die\u00c2\u00a0 &#8220;I&#8217;m a Cyborg but that&#8217;s OK&#8221;. Regie: Park Chan-Wook, Land: S\u00fcdkorea 2006, Spielzeit: 107 Min., Genre: Tragikom\u00f6die FSK: 12, Darsteller: Lim Su-jeong, Rain, Lee Yong-nyeo, Spielort: Cafe Panama, (Eintritt 4 \u00e2\u201a\u00ac | erm\u00e4\u00dfigt 3\u00e2\u201a\u00ac)<!--more--><br \/>\nKurzinhalt: Dieser Film wird im Rahmen des 1. Kinder- und Jugendfilmfestival Fulda gezeigt. Lassen Sie sich vom dem hierzulande wenig bekannten koreanischen Kino begeistern. Die junge Young-goon (Lim Su-jeong) w\u00e4chst bei ihrer reichlich verdrehten Gro\u00dfmutter auf und h\u00e4lt sich eines Tages f\u00fcr einen Kampfandroiden, weshalb sie die Nahrungsaufnahme verweigert und sich ein Stromkabel intraven\u00f6s verlegt. Daraufhin weist sie ihre Familie in eine Nervenheilanstalt ein, wo das sch\u00fcchterne M\u00e4dchen von den ausgewachsenen Psychosen ihrer Mitinsassen verst\u00f6rt wird. Nur Patient Il-sun (Rain) k\u00fcmmert sich um sie und will ihren drohenden Hungertod verhindern.<\/p>\n","protected":false},"excerpt":{"rendered":"<div class=\"tmnf_excerpt\"><p>Fulda. Die Kultur- und Kinoinitiative Fulda e.V. zeigt am Freitag, den 9.11.2012 um 20:00 Uhr im Caf\u00e9 Panama in der Langebr\u00fcckenstr. 14, 36037 Fulda, die Tragikom\u00f6die\u00c2\u00a0 &#8220;I&#8217;m a Cyborg but that&#8217;s OK&#8221;. Regie: Park Chan-Wook, Land: S\u00fcdkorea 2006, Spielzeit: 107 Min., Genre: Tragikom\u00f6die FSK: 12, Darsteller: Lim Su-jeong, Rain, Lee Yong-nyeo, Spielort: Cafe Panama, (Eintritt &hellip;<\/p>\n<\/div>","protected":false},"author":1,"featured_media":0,"comment_status":"closed","ping_status":"closed","sticky":false,"template":"","format":"standard","meta":{"footnotes":""},"categories":[1,44],"tags":[],"class_list":["post-103708","post","type-post","status-publish","format-standard","hentry","category-startseite","category-kultur"],"_links":{"self":[{"href":"https:\/\/www.fuldaernachrichten.de\/index.php?rest_route=\/wp\/v2\/posts\/103708","targetHints":{"allow":["GET"]}}],"collection":[{"href":"https:\/\/www.fuldaernachrichten.de\/index.php?rest_route=\/wp\/v2\/posts"}],"about":[{"href":"https:\/\/www.fuldaernachrichten.de\/index.php?rest_route=\/wp\/v2\/types\/post"}],"author":[{"embeddable":true,"href":"https:\/\/www.fuldaernachrichten.de\/index.php?rest_route=\/wp\/v2\/users\/1"}],"replies":[{"embeddable":true,"href":"https:\/\/www.fuldaernachrichten.de\/index.php?rest_route=%2Fwp%2Fv2%2Fcomments&post=103708"}],"version-history":[{"count":0,"href":"https:\/\/www.fuldaernachrichten.de\/index.php?rest_route=\/wp\/v2\/posts\/103708\/revisions"}],"wp:attachment":[{"href":"https:\/\/www.fuldaernachrichten.de\/index.php?rest_route=%2Fwp%2Fv2%2Fmedia&parent=103708"}],"wp:term":[{"taxonomy":"category","embeddable":true,"href":"https:\/\/www.fuldaernachrichten.de\/index.php?rest_route=%2Fwp%2Fv2%2Fcategories&post=103708"},{"taxonomy":"post_tag","embeddable":true,"href":"https:\/\/www.fuldaernachrichten.de\/index.php?rest_route=%2Fwp%2Fv2%2Ftags&post=103708"}],"curies":[{"name":"wp","href":"https:\/\/api.w.org\/{rel}","templated":true}]}}