{"id":103704,"date":"2012-11-06T00:11:48","date_gmt":"2012-11-06T00:11:48","guid":{"rendered":"http:\/\/www.fuldaer-nachrichten.de\/?p=103704"},"modified":"2012-11-06T09:15:17","modified_gmt":"2012-11-06T09:15:17","slug":"angebot-der-musikschule-der-stadt-fulda-stimme-und-sprache","status":"publish","type":"post","link":"https:\/\/www.fuldaernachrichten.de\/?p=103704","title":{"rendered":"Angebot der Musikschule der Stadt Fulda: Stimme und Sprache"},"content":{"rendered":"<p>Fulda (cp). Unter dem Titel \u201eStimme und Sprache \u2013 Von der Alltagskommunikation zur akustischen Visitenkarte\u201c findet in der St\u00e4dtischen Musikschule ein zweiteiliges Seminar statt, bei dem Fragen nach mehr Klangf\u00fclle, Belastbarkeit und Ausdrucksf\u00e4higkeit sowie zur Aussprache und pers\u00f6nlichen Interpretation behandelt werden. Die Kursleitung hat Christa Rahlf. Termine: Samstag, 10. und 17. November 2012 jeweils 10-13 Uhr. Anmeldung erforderlich unter Tel.: 0661\/102-1412.<\/p>\n","protected":false},"excerpt":{"rendered":"<div class=\"tmnf_excerpt\"><p>Fulda (cp). Unter dem Titel \u201eStimme und Sprache \u2013 Von der Alltagskommunikation zur akustischen Visitenkarte\u201c findet in der St\u00e4dtischen Musikschule ein zweiteiliges Seminar statt, bei dem Fragen nach mehr Klangf\u00fclle, Belastbarkeit und Ausdrucksf\u00e4higkeit sowie zur Aussprache und pers\u00f6nlichen Interpretation behandelt werden. Die Kursleitung hat Christa Rahlf. Termine: Samstag, 10. und 17. November 2012 jeweils 10-13 &hellip;<\/p>\n<\/div>","protected":false},"author":1,"featured_media":0,"comment_status":"closed","ping_status":"closed","sticky":false,"template":"","format":"standard","meta":{"footnotes":""},"categories":[1,53],"tags":[],"class_list":["post-103704","post","type-post","status-publish","format-standard","hentry","category-startseite","category-bildung"],"_links":{"self":[{"href":"https:\/\/www.fuldaernachrichten.de\/index.php?rest_route=\/wp\/v2\/posts\/103704","targetHints":{"allow":["GET"]}}],"collection":[{"href":"https:\/\/www.fuldaernachrichten.de\/index.php?rest_route=\/wp\/v2\/posts"}],"about":[{"href":"https:\/\/www.fuldaernachrichten.de\/index.php?rest_route=\/wp\/v2\/types\/post"}],"author":[{"embeddable":true,"href":"https:\/\/www.fuldaernachrichten.de\/index.php?rest_route=\/wp\/v2\/users\/1"}],"replies":[{"embeddable":true,"href":"https:\/\/www.fuldaernachrichten.de\/index.php?rest_route=%2Fwp%2Fv2%2Fcomments&post=103704"}],"version-history":[{"count":1,"href":"https:\/\/www.fuldaernachrichten.de\/index.php?rest_route=\/wp\/v2\/posts\/103704\/revisions"}],"predecessor-version":[{"id":103705,"href":"https:\/\/www.fuldaernachrichten.de\/index.php?rest_route=\/wp\/v2\/posts\/103704\/revisions\/103705"}],"wp:attachment":[{"href":"https:\/\/www.fuldaernachrichten.de\/index.php?rest_route=%2Fwp%2Fv2%2Fmedia&parent=103704"}],"wp:term":[{"taxonomy":"category","embeddable":true,"href":"https:\/\/www.fuldaernachrichten.de\/index.php?rest_route=%2Fwp%2Fv2%2Fcategories&post=103704"},{"taxonomy":"post_tag","embeddable":true,"href":"https:\/\/www.fuldaernachrichten.de\/index.php?rest_route=%2Fwp%2Fv2%2Ftags&post=103704"}],"curies":[{"name":"wp","href":"https:\/\/api.w.org\/{rel}","templated":true}]}}