{"id":103703,"date":"2012-11-06T00:13:34","date_gmt":"2012-11-06T00:13:34","guid":{"rendered":"http:\/\/www.fuldaer-nachrichten.de\/?p=103703"},"modified":"2012-11-06T09:14:19","modified_gmt":"2012-11-06T09:14:19","slug":"zwei-lesungen-und-ein-klavierkonzert-in-grosenluder","status":"publish","type":"post","link":"https:\/\/www.fuldaernachrichten.de\/?p=103703","title":{"rendered":"Zwei Lesungen und ein Klavierkonzert in Gro\u00dfenl\u00fcder"},"content":{"rendered":"<p>Gro\u00dfenl\u00fcder. Zwei Lesungen und ein Klavierkonzert stehen auf dem Kulturprogramm der Gemeinde Gro\u00dfenl\u00fcder. Den Anfang macht am Freitag, 16.11.2012, 19.30 Uhr, der Gro\u00dfenl\u00fcderer Klaus-Dieter M\u00fcller mit \u201eWest-Ostgeschichten aus 25 Jahren\u201c und bringt dabei heitere und nachdenkliche Reiseanekdoten von seinen Besuchen in der ehemaligen DDR zum Besten (Eintritt frei). Am Sonntag, 18.11.2012, 17 Uhr ist der junge Pianist Viktor Urvalov zu Gast in Gro\u00dfenl\u00fcder. Er entf\u00fchrt die Konzertbesucher mit seinem gro\u00dfartigen K\u00f6nnen in die Welt der klassischen Musik. Claude Debussy, Fr\u00e9d\u00e9ric Chopin und Modest Mussorgsky stehen auf dem Programm, des 1988 in Novosibirsk geborenen K\u00fcnstlers (Kartenvorverkauf B\u00fcrgerb\u00fcro Gro\u00dfenl\u00fcder, Eintritt 7 \u00e2\u201a\u00ac). Am Donnerstag, 22.11.2012 pr\u00e4sentiert Marlitt Feldner aus Gro\u00dfenl\u00fcder ihre \u201eGedichte die das Leben schrieb!\u201c Die G\u00e4ste erwartet\u00c2\u00a0 ein besinnlicher Abend bei Kerzenschein und Klaviermusik (Am Klavier: Emily Hsu-Klein, M.A.), Eintritt frei. Die Veranstaltungen finden alle im Kultursaal des Stiftskapitularischen Amtshauses, Marktplatz 1, Gro\u00dfenl\u00fcder, statt.<\/p>\n","protected":false},"excerpt":{"rendered":"<div class=\"tmnf_excerpt\"><p>Gro\u00dfenl\u00fcder. Zwei Lesungen und ein Klavierkonzert stehen auf dem Kulturprogramm der Gemeinde Gro\u00dfenl\u00fcder. Den Anfang macht am Freitag, 16.11.2012, 19.30 Uhr, der Gro\u00dfenl\u00fcderer Klaus-Dieter M\u00fcller mit \u201eWest-Ostgeschichten aus 25 Jahren\u201c und bringt dabei heitere und nachdenkliche Reiseanekdoten von seinen Besuchen in der ehemaligen DDR zum Besten (Eintritt frei). Am Sonntag, 18.11.2012, 17 Uhr ist der &hellip;<\/p>\n<\/div>","protected":false},"author":1,"featured_media":0,"comment_status":"closed","ping_status":"closed","sticky":false,"template":"","format":"standard","meta":{"footnotes":""},"categories":[1,44],"tags":[],"class_list":["post-103703","post","type-post","status-publish","format-standard","hentry","category-startseite","category-kultur"],"_links":{"self":[{"href":"https:\/\/www.fuldaernachrichten.de\/index.php?rest_route=\/wp\/v2\/posts\/103703","targetHints":{"allow":["GET"]}}],"collection":[{"href":"https:\/\/www.fuldaernachrichten.de\/index.php?rest_route=\/wp\/v2\/posts"}],"about":[{"href":"https:\/\/www.fuldaernachrichten.de\/index.php?rest_route=\/wp\/v2\/types\/post"}],"author":[{"embeddable":true,"href":"https:\/\/www.fuldaernachrichten.de\/index.php?rest_route=\/wp\/v2\/users\/1"}],"replies":[{"embeddable":true,"href":"https:\/\/www.fuldaernachrichten.de\/index.php?rest_route=%2Fwp%2Fv2%2Fcomments&post=103703"}],"version-history":[{"count":0,"href":"https:\/\/www.fuldaernachrichten.de\/index.php?rest_route=\/wp\/v2\/posts\/103703\/revisions"}],"wp:attachment":[{"href":"https:\/\/www.fuldaernachrichten.de\/index.php?rest_route=%2Fwp%2Fv2%2Fmedia&parent=103703"}],"wp:term":[{"taxonomy":"category","embeddable":true,"href":"https:\/\/www.fuldaernachrichten.de\/index.php?rest_route=%2Fwp%2Fv2%2Fcategories&post=103703"},{"taxonomy":"post_tag","embeddable":true,"href":"https:\/\/www.fuldaernachrichten.de\/index.php?rest_route=%2Fwp%2Fv2%2Ftags&post=103703"}],"curies":[{"name":"wp","href":"https:\/\/api.w.org\/{rel}","templated":true}]}}