{"id":103702,"date":"2012-11-06T00:12:13","date_gmt":"2012-11-06T00:12:13","guid":{"rendered":"http:\/\/www.fuldaer-nachrichten.de\/?p=103702"},"modified":"2012-11-06T09:12:56","modified_gmt":"2012-11-06T09:12:56","slug":"spanische-fachkrafte-fur-hessische-unternehmen-gewinnen","status":"publish","type":"post","link":"https:\/\/www.fuldaernachrichten.de\/?p=103702","title":{"rendered":"Spanische Fachkr\u00e4fte f\u00fcr hessische Unternehmen gewinnen"},"content":{"rendered":"<p>Frankfurt. Mit einem gemeinsamen Projekt von Landesregierung und Wirtschaftsorganisationen sollen Fachkr\u00e4fte aus der Region Madrid f\u00fcr Arbeitspl\u00e4tze in Hessen gewonnen werden. Anl\u00e4sslich der Unterzeichnung eines Kooperationsabkommens in Madrid wies Dr. Mathias M\u00fcller, Pr\u00e4sident der IHK Frankfurt am Main, darauf hin, dass der Handlungsdruck in den vergangenen Jahren deutlich zugenommen hat. \u201eDer Erkenntnis, dass unsere Region vom Fachkr\u00e4ftemangel besonders stark betroffen ist, m\u00fcssen Taten folgen. Daher unterst\u00fctzt die IHK Frankfurt das Kooperationsabkommen, das jetzt in Madrid unterzeichnet wird.\u201c <!--more--><br \/>\nDer Beitrag der Industrie- und Handelskammern besteht darin, Unternehmen in Hessen anzusprechen und qualifizierte Arbeitsstellen f\u00fcr Fachkr\u00e4fte aus der Region Madrid zu identifizieren. Gesucht werden Arbeitskr\u00e4fte in technischen und kaufm\u00e4nnischen Berufen sowie im Gesundheitswesen (Pflege) und in der Informationstechnik. Informationen zu den meistgefragten Berufen gibt es im IHK-Fachkr\u00e4ftemonitor auf den IHK-Webseiten, zum Beispiel unter www.frankfurt-main.ihk.de<\/p>\n<p>Die IHK Frankfurt hatte im Vorfeld der Delegationsreise nach Madrid eine Reihe von Unternehmen identifiziert, die gerne spanische Fachkr\u00e4fte einstellen w\u00fcrden. \u201eAus Gespr\u00e4chen mit Unternehmen aus Hessen wei\u00df ich, wie gro\u00df das Interesse an qualifizierten Fachkr\u00e4ften ist. Das Abkommen mit Madrid sehen wir daher als eine Initialz\u00fcndung f\u00fcr eine naheliegende Kooperation, die dazu beitragen kann, unsere Wirtschaft mittelfristig mit mehr Fachkr\u00e4ften zu versorgen\u201c, sagte Dr. M\u00fcller.<\/p>\n<p>Die IHK-Organisation hat mit der Stelle zur Anerkennung ausl\u00e4ndischer Berufsabschl\u00fcsse (FOSA &#8211; Foreign Skills Approval) mit Sitz in N\u00fcrnberg bereits ein wichtiges Instrument geschaffen, mit dem die beruflichen Abschl\u00fcsse spanischer Fachkr\u00e4fte mit hiesigen Standards verglichen werden k\u00f6nnen. \u201eSo k\u00f6nnen spanische Fachkr\u00e4fte ihre Qualifikation ins deutsche Berufsausbildungssystem \u00fcbertragen.&#8221;<\/p>\n<p>Viele Unternehmen haben bereits Erfahrungen mit ausl\u00e4ndischen Fachkr\u00e4ften gemacht und wissen um die Herausforderungen der Integration in die beruflichen Abl\u00e4ufe. Das Kooperationsabkommen zwischen Hessen und der Region Madrid ist allerdings auf Landesebene das erste seiner Art. \u201eWir sind uns bewusst, dass wir mit dem Abkommen ein dickes Brett in Sachen Fachkr\u00e4ftegewinnung bohren. Andere Beispiele haben gezeigt, dass die Anwerbung von ausl\u00e4ndischen Fachkr\u00e4ften nicht leicht ist. Wir w\u00fcnschen uns, dass das Zusammenwirken der unterschiedlichen Projektpartner insbesondere die Sprachkompetenz und die Mobilit\u00e4t von spanischen Fachkr\u00e4ften anzukurbeln hilft.&#8221;<\/p>\n","protected":false},"excerpt":{"rendered":"<div class=\"tmnf_excerpt\"><p>Frankfurt. Mit einem gemeinsamen Projekt von Landesregierung und Wirtschaftsorganisationen sollen Fachkr\u00e4fte aus der Region Madrid f\u00fcr Arbeitspl\u00e4tze in Hessen gewonnen werden. Anl\u00e4sslich der Unterzeichnung eines Kooperationsabkommens in Madrid wies Dr. Mathias M\u00fcller, Pr\u00e4sident der IHK Frankfurt am Main, darauf hin, dass der Handlungsdruck in den vergangenen Jahren deutlich zugenommen hat. \u201eDer Erkenntnis, dass unsere Region &hellip;<\/p>\n<\/div>","protected":false},"author":1,"featured_media":0,"comment_status":"closed","ping_status":"closed","sticky":false,"template":"","format":"standard","meta":{"footnotes":""},"categories":[1,29],"tags":[],"class_list":["post-103702","post","type-post","status-publish","format-standard","hentry","category-startseite","category-politik"],"_links":{"self":[{"href":"https:\/\/www.fuldaernachrichten.de\/index.php?rest_route=\/wp\/v2\/posts\/103702","targetHints":{"allow":["GET"]}}],"collection":[{"href":"https:\/\/www.fuldaernachrichten.de\/index.php?rest_route=\/wp\/v2\/posts"}],"about":[{"href":"https:\/\/www.fuldaernachrichten.de\/index.php?rest_route=\/wp\/v2\/types\/post"}],"author":[{"embeddable":true,"href":"https:\/\/www.fuldaernachrichten.de\/index.php?rest_route=\/wp\/v2\/users\/1"}],"replies":[{"embeddable":true,"href":"https:\/\/www.fuldaernachrichten.de\/index.php?rest_route=%2Fwp%2Fv2%2Fcomments&post=103702"}],"version-history":[{"count":0,"href":"https:\/\/www.fuldaernachrichten.de\/index.php?rest_route=\/wp\/v2\/posts\/103702\/revisions"}],"wp:attachment":[{"href":"https:\/\/www.fuldaernachrichten.de\/index.php?rest_route=%2Fwp%2Fv2%2Fmedia&parent=103702"}],"wp:term":[{"taxonomy":"category","embeddable":true,"href":"https:\/\/www.fuldaernachrichten.de\/index.php?rest_route=%2Fwp%2Fv2%2Fcategories&post=103702"},{"taxonomy":"post_tag","embeddable":true,"href":"https:\/\/www.fuldaernachrichten.de\/index.php?rest_route=%2Fwp%2Fv2%2Ftags&post=103702"}],"curies":[{"name":"wp","href":"https:\/\/api.w.org\/{rel}","templated":true}]}}