{"id":103693,"date":"2012-11-06T00:14:36","date_gmt":"2012-11-06T00:14:36","guid":{"rendered":"http:\/\/www.fuldaer-nachrichten.de\/?p=103693"},"modified":"2012-11-06T09:05:41","modified_gmt":"2012-11-06T09:05:41","slug":"fulda-schliest-konzessionsvertrag-mit-der-uwag","status":"publish","type":"post","link":"https:\/\/www.fuldaernachrichten.de\/?p=103693","title":{"rendered":"Fulda schlie\u00dft Konzessionsvertrag mit der \u00dcWAG"},"content":{"rendered":"<p><img fetchpriority=\"high\" decoding=\"async\" class=\"alignleft size-thumbnail wp-image-103694\" title=\"2012-11-05 Pressebild KV Stadt Fulda_2\" src=\"http:\/\/www.fuldaer-nachrichten.de\/wp-content\/uploads\/2012\/11\/2012-11-05-Pressebild-KV-Stadt-Fulda_2-265x191.jpg\" alt=\"\" width=\"265\" height=\"191\" srcset=\"https:\/\/www.fuldaernachrichten.de\/wp-content\/uploads\/2012\/11\/2012-11-05-Pressebild-KV-Stadt-Fulda_2-265x191.jpg 265w, https:\/\/www.fuldaernachrichten.de\/wp-content\/uploads\/2012\/11\/2012-11-05-Pressebild-KV-Stadt-Fulda_2.jpg 600w\" sizes=\"(max-width: 265px) 100vw, 265px\" \/>Fulda. Die Stadt Fulda und die \u00dcberlandwerk Fulda Aktiengesellschaft (\u00dcWAG) bleiben auch in den kommenden 20 Jahren Partner. Den Konzessionsvertrag, der dem osthessischen Energieversorger die Wegenutzung bis ins Jahr 2032 gestattet, unterzeichneten jetzt Fuldas Oberb\u00fcrgermeister Gerhard M\u00f6ller und \u00dcWAG-Vorstand Dipl.-Ing. G\u00fcnter Bury. Vorausgegangen war ein Beschluss der Fuldaer Stadtverordnetenversammlung im September, die sich f\u00fcr die Fortsetzung der Partnerschaft mit der \u00dcWAG ausgesprochen hatte. <!--more--><\/p>\n<p>\u00dcWAG-Vorstand G\u00fcnter Bury dankte dem Gremium: \u201eWir freuen uns, dass unsere Arbeit in Fulda wertgesch\u00e4tzt wird und werden dieses Vertrauen auch weiterhin rechtfertigen.\u201c Der Konzessionsvertrag mit der Stadt Fulda sei der letzte in einer Reihe von Vertr\u00e4gen mit den Gemeinden im Netzgebiet und neu hinzu gekommenen Kommunen. Bury: \u201eMit der Unterzeichnung legen wir deswegen schon heute die Gr\u00f6\u00dfe unseres Netzgebietes f\u00fcr die n\u00e4chsten 20 Jahre fest.\u201c Mit den neu hinzugekommenen Kommunen in Bayern und Th\u00fcringen umfasst das \u00dcWAG-Netzgebiet jetzt 37 St\u00e4dte und Gemeinden mit einer Einwohnerzahl von insgesamt rund 260.000 Menschen.<\/p>\n<p><strong>Stolz auf leistungsf\u00e4higen lokalen Versorger<\/strong><\/p>\n<p>Gerhard M\u00f6ller erg\u00e4nzte: \u201eF\u00fcr Fulda ist wichtig, dass wir mit der \u00dcWAG einen leistungsf\u00e4higen heimischen Versorger haben, der uns schon seit vielen Jahren kontinuierlich mit der Qualit\u00e4t seiner Arbeit \u00fcberzeugt \u00c2\u00a0und nahe beim B\u00fcrger ist. Wir haben die \u00dcWAG immer als fairen und kompetenten Partner mit einem offenen Ohr f\u00fcr alle Fragen rund um die Energieversorgung erlebt.\u201c<\/p>\n<p>F\u00fcr die \u00dcWAG sei dieser Vertragsabschluss eine Verpflichtung, mit den Anstrengungen nicht nachzulassen, f\u00fcgte Bury hinzu: \u201eGerade haben wir zehn Millionen Euro in das \u00dcWAG-Kraftwerk Fulda investiert, um es f\u00fcr Lastspitzen zu ert\u00fcchtigen. Mit neuer Regeltechnik und modernen Aggregaten sichern wir unter anderem die Notstromversorgung der Region Fulda.\u201c Diese Vorarbeit sei unabdingbar, um auch in Zeiten von Wind- und Sonnenstrom eine schwankungsfreie Versorgung zu garantieren. Dies wurde auch von der Stadt honoriert: \u201eDie \u00dcWAG ist durch die stetige Modernisierung ihrer Infrastruktur und ihr Engagement beim Ausbau der erneuerbaren Energien in der Region ein wichtiger Partner, wenn es um die Umsetzung der Energiewende geht\u201c, erkl\u00e4rte M\u00f6ller.<\/p>\n<p><strong>Nahe beim Kunden, mit der Region verbunden<\/strong><\/p>\n<p>Der Konzessionsvertrag beinhaltet das Wegenutzungsrecht einer Kommune zum Betrieb des Stromnetzes zur allgemeinen Versorgung; die Auswahl des Stromlieferanten durch die Kunden ist davon unber\u00fchrt. Die Leistungsf\u00e4higkeit des Versorgers bemisst sich unter anderen durch die r\u00e4umliche N\u00e4he, die rund um die Uhr besetzte Leitzentrale in Fulda, ein Team von Fachleuten, das ebenfalls rund um die Uhr zur Schadensbehebung verf\u00fcgbar ist sowie durch die stetige Modernisierung und Instandhaltung des Stromverteilungsnetzes. Die \u00dcWAG zahlt an die jeweiligen St\u00e4dte und Gemeinden eine gesetzlich festgelegte Konzessionsabgabe. Der bestehende Konzessionsvertrag mit der Stadt Fulda l\u00e4uft Ende 2012 aus.<\/p>\n","protected":false},"excerpt":{"rendered":"<div class=\"tmnf_excerpt\"><p>Fulda. Die Stadt Fulda und die \u00dcberlandwerk Fulda Aktiengesellschaft (\u00dcWAG) bleiben auch in den kommenden 20 Jahren Partner. Den Konzessionsvertrag, der dem osthessischen Energieversorger die Wegenutzung bis ins Jahr 2032 gestattet, unterzeichneten jetzt Fuldas Oberb\u00fcrgermeister Gerhard M\u00f6ller und \u00dcWAG-Vorstand Dipl.-Ing. G\u00fcnter Bury. Vorausgegangen war ein Beschluss der Fuldaer Stadtverordnetenversammlung im September, die sich f\u00fcr die &hellip;<\/p>\n<\/div>","protected":false},"author":1,"featured_media":0,"comment_status":"closed","ping_status":"closed","sticky":false,"template":"","format":"standard","meta":{"footnotes":""},"categories":[1,29],"tags":[],"class_list":["post-103693","post","type-post","status-publish","format-standard","hentry","category-startseite","category-politik"],"_links":{"self":[{"href":"https:\/\/www.fuldaernachrichten.de\/index.php?rest_route=\/wp\/v2\/posts\/103693","targetHints":{"allow":["GET"]}}],"collection":[{"href":"https:\/\/www.fuldaernachrichten.de\/index.php?rest_route=\/wp\/v2\/posts"}],"about":[{"href":"https:\/\/www.fuldaernachrichten.de\/index.php?rest_route=\/wp\/v2\/types\/post"}],"author":[{"embeddable":true,"href":"https:\/\/www.fuldaernachrichten.de\/index.php?rest_route=\/wp\/v2\/users\/1"}],"replies":[{"embeddable":true,"href":"https:\/\/www.fuldaernachrichten.de\/index.php?rest_route=%2Fwp%2Fv2%2Fcomments&post=103693"}],"version-history":[{"count":0,"href":"https:\/\/www.fuldaernachrichten.de\/index.php?rest_route=\/wp\/v2\/posts\/103693\/revisions"}],"wp:attachment":[{"href":"https:\/\/www.fuldaernachrichten.de\/index.php?rest_route=%2Fwp%2Fv2%2Fmedia&parent=103693"}],"wp:term":[{"taxonomy":"category","embeddable":true,"href":"https:\/\/www.fuldaernachrichten.de\/index.php?rest_route=%2Fwp%2Fv2%2Fcategories&post=103693"},{"taxonomy":"post_tag","embeddable":true,"href":"https:\/\/www.fuldaernachrichten.de\/index.php?rest_route=%2Fwp%2Fv2%2Ftags&post=103693"}],"curies":[{"name":"wp","href":"https:\/\/api.w.org\/{rel}","templated":true}]}}