{"id":103689,"date":"2012-11-06T00:15:36","date_gmt":"2012-11-06T00:15:36","guid":{"rendered":"http:\/\/www.fuldaer-nachrichten.de\/?p=103689"},"modified":"2012-11-06T08:57:05","modified_gmt":"2012-11-06T08:57:05","slug":"vorsicht-pflegeberatungsfalle-unseriose-beratungsanbieter-auch-im-landkreis-fulda","status":"publish","type":"post","link":"https:\/\/www.fuldaernachrichten.de\/?p=103689","title":{"rendered":"Vorsicht Pflegeberatungsfalle! Unseri\u00f6se Beratungsanbieter auch im Landkreis Fulda"},"content":{"rendered":"<p><img fetchpriority=\"high\" decoding=\"async\" class=\"alignleft size-thumbnail wp-image-103690\" title=\"512-Karikatur-Pflegeberatung-Autor-Egbert-Kraus\" src=\"http:\/\/www.fuldaer-nachrichten.de\/wp-content\/uploads\/2012\/11\/512-Karikatur-Pflegeberatung-Autor-Egbert-Kraus-265x374.jpg\" alt=\"\" width=\"265\" height=\"374\" srcset=\"https:\/\/www.fuldaernachrichten.de\/wp-content\/uploads\/2012\/11\/512-Karikatur-Pflegeberatung-Autor-Egbert-Kraus-265x374.jpg 265w, https:\/\/www.fuldaernachrichten.de\/wp-content\/uploads\/2012\/11\/512-Karikatur-Pflegeberatung-Autor-Egbert-Kraus-187x265.jpg 187w, https:\/\/www.fuldaernachrichten.de\/wp-content\/uploads\/2012\/11\/512-Karikatur-Pflegeberatung-Autor-Egbert-Kraus.jpg 399w\" sizes=\"(max-width: 265px) 100vw, 265px\" \/>Fulda. In letzter Zeit ist verst\u00e4rkt zu beobachten, dass von privat \u00fcber Kleinanzeigen \u201ePflegeberatung\u201c angeboten wird. Nach Angaben der Kreisverwaltung handelt es sich dabei nicht immer um seri\u00f6se Anbieter. Der Begriff \u201ePflegeberatung\u201c ist rechtlich nicht gesch\u00fctzt, was dazu f\u00fchren kann, dass jeder diese Dienstleistung zum Teil f\u00fcr ein v\u00f6llig \u00fcberh\u00f6htes Honorar anbieten darf, das der Pflegebed\u00fcrftige dann aus der eigenen Tasche bezahlen muss. Vereinzelt sind f\u00fcr eine einmalige Beratung und Unterst\u00fctzung bei der Antragsstellung gegen\u00fcber den Pflegekassen 1.000 Euro und mehr gefordert worden.<!--more--><\/p>\n<p>Diejenigen, die sich Rat suchend an solche Anbieter wenden, k\u00f6nnen sehr schnell \u201eBeratungsopfer\u201c werden, indem sie f\u00fcr eine privaten Pflegeberatung einen relativ hohen Geldbetrag in die Hand nehmen m\u00fcssen, nachdem sie sich vertraglich dazu verpflichtet haben. Alleinstehende, \u00e4ltere und hilfsbed\u00fcrftige Menschen geh\u00f6ren zur Zielgruppe dieser Anbieter und sind deshalb besonders gef\u00e4hrdet.<\/p>\n<p>Der Pflegest\u00fctzpunkt beim Landkreis Fulda ist die vom Gesetzgeber vorgesehene Institution, die qualifiziert, kostenfrei und tr\u00e4gerneutral rund um das Thema Pflege ber\u00e4t und im Einzelfall Hilfen organisiert. Auch h\u00e4lt der Pflegest\u00fctzpunkt umfassende Informationen \u00fcber gesetzliche Leistungen und Dienstleister bereit, die zielgerichtet und unentgeltlich Nachfragenden zur Verf\u00fcgung stehen.<\/p>\n<p>Der Landkreis Fulda nimmt die j\u00fcngsten Vorkommnisse zum Anlass, nochmals ausdr\u00fccklich auf diese kostenfreie und tr\u00e4gerneutrale Beratung hinzuweisen und appelliert, sich bei Fragen rund um Pflege und Versorgung zun\u00e4chst an den Pflegest\u00fctzpunkt zu wenden. Erfolgt eine Beratung und Begleitung durch den Pflegest\u00fctzpunkt, ist die Inanspruchnahme von privaten Anbietern nicht notwendig.<\/p>\n<p><strong>Kontakt<\/strong><\/p>\n<p>Pflegest\u00fctzpunkt Landkreis Fulda<br \/>\nGerloser Weg 20<br \/>\n36039 Fulda<br \/>\nTelefon 0661\/6006-692, -693<br \/>\nTelefax 0661\/6006-699<br \/>\nE-Mail pflegestuetzpunkt@landkreis-fulda.de<\/p>\n","protected":false},"excerpt":{"rendered":"<div class=\"tmnf_excerpt\"><p>Fulda. In letzter Zeit ist verst\u00e4rkt zu beobachten, dass von privat \u00fcber Kleinanzeigen \u201ePflegeberatung\u201c angeboten wird. Nach Angaben der Kreisverwaltung handelt es sich dabei nicht immer um seri\u00f6se Anbieter. Der Begriff \u201ePflegeberatung\u201c ist rechtlich nicht gesch\u00fctzt, was dazu f\u00fchren kann, dass jeder diese Dienstleistung zum Teil f\u00fcr ein v\u00f6llig \u00fcberh\u00f6htes Honorar anbieten darf, das der &hellip;<\/p>\n<\/div>","protected":false},"author":1,"featured_media":0,"comment_status":"closed","ping_status":"closed","sticky":false,"template":"","format":"standard","meta":{"footnotes":""},"categories":[1,51],"tags":[],"class_list":["post-103689","post","type-post","status-publish","format-standard","hentry","category-startseite","category-medizin"],"_links":{"self":[{"href":"https:\/\/www.fuldaernachrichten.de\/index.php?rest_route=\/wp\/v2\/posts\/103689","targetHints":{"allow":["GET"]}}],"collection":[{"href":"https:\/\/www.fuldaernachrichten.de\/index.php?rest_route=\/wp\/v2\/posts"}],"about":[{"href":"https:\/\/www.fuldaernachrichten.de\/index.php?rest_route=\/wp\/v2\/types\/post"}],"author":[{"embeddable":true,"href":"https:\/\/www.fuldaernachrichten.de\/index.php?rest_route=\/wp\/v2\/users\/1"}],"replies":[{"embeddable":true,"href":"https:\/\/www.fuldaernachrichten.de\/index.php?rest_route=%2Fwp%2Fv2%2Fcomments&post=103689"}],"version-history":[{"count":0,"href":"https:\/\/www.fuldaernachrichten.de\/index.php?rest_route=\/wp\/v2\/posts\/103689\/revisions"}],"wp:attachment":[{"href":"https:\/\/www.fuldaernachrichten.de\/index.php?rest_route=%2Fwp%2Fv2%2Fmedia&parent=103689"}],"wp:term":[{"taxonomy":"category","embeddable":true,"href":"https:\/\/www.fuldaernachrichten.de\/index.php?rest_route=%2Fwp%2Fv2%2Fcategories&post=103689"},{"taxonomy":"post_tag","embeddable":true,"href":"https:\/\/www.fuldaernachrichten.de\/index.php?rest_route=%2Fwp%2Fv2%2Ftags&post=103689"}],"curies":[{"name":"wp","href":"https:\/\/api.w.org\/{rel}","templated":true}]}}