{"id":103687,"date":"2012-11-06T08:55:17","date_gmt":"2012-11-06T08:55:17","guid":{"rendered":"http:\/\/www.fuldaer-nachrichten.de\/?p=103687"},"modified":"2012-11-07T20:51:41","modified_gmt":"2012-11-07T20:51:41","slug":"wenn-anders-sein-zur-existenzfrage-wird-filmpremiere-am-donnerstag-im-kino-35","status":"publish","type":"post","link":"https:\/\/www.fuldaernachrichten.de\/?p=103687","title":{"rendered":"Wenn Anders sein zur Existenzfrage wird &#8211; Filmpremiere \u201eThe fluorescent marker\u201cam Donnerstag im Kino 35"},"content":{"rendered":"<p><img decoding=\"async\" class=\"alignleft size-thumbnail wp-image-103741\" title=\"Maximilian-Zwiener-Selina-Mathes-Daniel-Weismueller\" src=\"http:\/\/www.fuldaer-nachrichten.de\/wp-content\/uploads\/2012\/11\/Maximilian-Zwiener-Selina-Mathes-Daniel-Weismueller-265x176.jpg\" alt=\"\" width=\"265\" height=\"176\" srcset=\"https:\/\/www.fuldaernachrichten.de\/wp-content\/uploads\/2012\/11\/Maximilian-Zwiener-Selina-Mathes-Daniel-Weismueller-265x176.jpg 265w, https:\/\/www.fuldaernachrichten.de\/wp-content\/uploads\/2012\/11\/Maximilian-Zwiener-Selina-Mathes-Daniel-Weismueller.jpg 592w\" sizes=\"(max-width: 265px) 100vw, 265px\" \/>Fulda. Fast ein halbes Jahr Vorbereitungszeit, zwanzig Beteiligte aus Hessen und Th\u00fcringen, eine Woche Dreharbeiten in Fulda und im Vogelsberg, all das steckt in dem Kurzfilm \u201eThe fluorescent marker\u201c, der am Donnerstag in Fulda erstaufgef\u00fchrt wird. In nicht allzuferner Zukunft h\u00e4ngt das \u00dcberleben der Menschheit von der Gleichheit ihrer Gene ab, Abweichungen werden gesucht und die Tr\u00e4ger aussortiert. Dieses Thema, aus dem Hollywood einen Action-Rei\u00dfer mit Tom Cruise gemacht h\u00e4tte, inspierierte den Drehbuchautor und Regisseur Daniel Weism\u00fcller zu einer stillen, intensiven Betrachtung \u00fcber das, was \u00e2\u20ac\u0161Anders\u00e2\u20ac\u02dc-sein f\u00fcr uns Menschen bedeutet.<!--more--><br \/>\nDie Idee zu dem Film entstand in Gespr\u00e4chen mit den Initiatoren des 1. Fuldaer Kinder- und Jugendfilmfestivals, das vom 8. bis 11. November stattfindet. Alle Filme des Festivals stehen unter dem Thema \u201eAnders sein\u201c, und so hatte man im Offenen Kanal Fulda nachgefragt, ob einer der OK-Produzenten einen Vorfilm produzieren k\u00f6nne. Daniel Weism\u00fcller, der gerade erst mit seinem Kurzfilm \u201eDie Lesung\u201c auf Filmfestivals erste Beachtung gefunden hatte, nahm sich des Themas an. \u00dcber seine Kontakte zum Medienstudiengang der Bauhaus-Universit in Weimar fand er in Maximilan Zwiener den idealen Kameramann, \u00fcber Kontakte zur Stein-Schule in Fulda und im Kreis der Theatergruppe \u201eDie Fischgretchen\u201c seine Darsteller. Gedreht wurde in einem Steinbruch, in den Tunneln des Fuldaer Bahnhofs, in einem ehemaligen Atombunker und in einem leeren Getreidesilo im Vogelsberg.<\/p>\n<p>Die Premiere des Films findet am Donnerstag, dem 8.November um 19 Uhr im Kino 35 vor dem Hauptfilm \u201eKomm wir tr\u00e4umen\u201c statt, danach wird er vor allen Spielfilmen im Jugendprogramm des Filmfestivals als Vorfilm zu sehen sein. Der Offene Kanal Fulda sendet ihn am Freitag, dem 9. November, um 20:25 Uhr.<\/p>\n<p>Zum Foto: Kameramann Maximilian Zwiener, Selina Mathes als Prophetin und Regisseur Daniel Weism\u00fcller im Studio<\/p>\n<p>&nbsp;<\/p>\n","protected":false},"excerpt":{"rendered":"<div class=\"tmnf_excerpt\"><p>Fulda. Fast ein halbes Jahr Vorbereitungszeit, zwanzig Beteiligte aus Hessen und Th\u00fcringen, eine Woche Dreharbeiten in Fulda und im Vogelsberg, all das steckt in dem Kurzfilm \u201eThe fluorescent marker\u201c, der am Donnerstag in Fulda erstaufgef\u00fchrt wird. In nicht allzuferner Zukunft h\u00e4ngt das \u00dcberleben der Menschheit von der Gleichheit ihrer Gene ab, Abweichungen werden gesucht und &hellip;<\/p>\n<\/div>","protected":false},"author":1,"featured_media":0,"comment_status":"closed","ping_status":"closed","sticky":false,"template":"","format":"standard","meta":{"footnotes":""},"categories":[1,44],"tags":[],"class_list":["post-103687","post","type-post","status-publish","format-standard","hentry","category-startseite","category-kultur"],"_links":{"self":[{"href":"https:\/\/www.fuldaernachrichten.de\/index.php?rest_route=\/wp\/v2\/posts\/103687","targetHints":{"allow":["GET"]}}],"collection":[{"href":"https:\/\/www.fuldaernachrichten.de\/index.php?rest_route=\/wp\/v2\/posts"}],"about":[{"href":"https:\/\/www.fuldaernachrichten.de\/index.php?rest_route=\/wp\/v2\/types\/post"}],"author":[{"embeddable":true,"href":"https:\/\/www.fuldaernachrichten.de\/index.php?rest_route=\/wp\/v2\/users\/1"}],"replies":[{"embeddable":true,"href":"https:\/\/www.fuldaernachrichten.de\/index.php?rest_route=%2Fwp%2Fv2%2Fcomments&post=103687"}],"version-history":[{"count":1,"href":"https:\/\/www.fuldaernachrichten.de\/index.php?rest_route=\/wp\/v2\/posts\/103687\/revisions"}],"predecessor-version":[{"id":103742,"href":"https:\/\/www.fuldaernachrichten.de\/index.php?rest_route=\/wp\/v2\/posts\/103687\/revisions\/103742"}],"wp:attachment":[{"href":"https:\/\/www.fuldaernachrichten.de\/index.php?rest_route=%2Fwp%2Fv2%2Fmedia&parent=103687"}],"wp:term":[{"taxonomy":"category","embeddable":true,"href":"https:\/\/www.fuldaernachrichten.de\/index.php?rest_route=%2Fwp%2Fv2%2Fcategories&post=103687"},{"taxonomy":"post_tag","embeddable":true,"href":"https:\/\/www.fuldaernachrichten.de\/index.php?rest_route=%2Fwp%2Fv2%2Ftags&post=103687"}],"curies":[{"name":"wp","href":"https:\/\/api.w.org\/{rel}","templated":true}]}}