{"id":103684,"date":"2012-11-06T00:16:15","date_gmt":"2012-11-06T00:16:15","guid":{"rendered":"http:\/\/www.fuldaer-nachrichten.de\/?p=103684"},"modified":"2012-11-06T08:36:54","modified_gmt":"2012-11-06T08:36:54","slug":"kranzniederlegung-und-gedenken-an-die-opfer-am-08-november-2012","status":"publish","type":"post","link":"https:\/\/www.fuldaernachrichten.de\/?p=103684","title":{"rendered":"Kranzniederlegung und Gedenken an die Opfer am 08. November 2012"},"content":{"rendered":"<p>Fulda (hm). An die Geschehnisse in der Nacht des 09. November 1938, der sogenannten Reichspogromnacht, wird in der Gedenkveranstaltung am Donnerstag, 08. November 2012, um 18.00 Uhr am Platz der ehemaligen Fuldaer Synagoge in der Stra\u00dfe \u201eAm Stockhaus\u201c erinnert.\u00c2\u00a0 Zu dieser Veranstaltung laden die Gesellschaft f\u00fcr Christlich-J\u00fcdische Zusammenarbeit Fulda e. V. und der Magistrat der Stadt Fulda die B\u00fcrgerschaft herzlich ein.\u00c2\u00a0 Oberb\u00fcrgermeister Gerhard M\u00f6ller f\u00fcr die Stadt Fulda und Dr. Irena Ostmeyer f\u00fcr die Gesellschaft f\u00fcr Christlich-J\u00fcdische Zusammenarbeit Fulda e. V. sowie Julian Bayas, zweiter stellv. Juso-Vorsitzender des Unterbezirks Fulda und spricht f\u00fcr das B\u00fcndnis \u201eH\u00fcnfeld Nazi-frei\u201c, werden kurze Gedenkansprachen halten.<\/p>\n","protected":false},"excerpt":{"rendered":"<div class=\"tmnf_excerpt\"><p>Fulda (hm). An die Geschehnisse in der Nacht des 09. November 1938, der sogenannten Reichspogromnacht, wird in der Gedenkveranstaltung am Donnerstag, 08. November 2012, um 18.00 Uhr am Platz der ehemaligen Fuldaer Synagoge in der Stra\u00dfe \u201eAm Stockhaus\u201c erinnert.\u00c2\u00a0 Zu dieser Veranstaltung laden die Gesellschaft f\u00fcr Christlich-J\u00fcdische Zusammenarbeit Fulda e. V. und der Magistrat der &hellip;<\/p>\n<\/div>","protected":false},"author":1,"featured_media":0,"comment_status":"closed","ping_status":"closed","sticky":false,"template":"","format":"standard","meta":{"footnotes":""},"categories":[1,29],"tags":[],"class_list":["post-103684","post","type-post","status-publish","format-standard","hentry","category-startseite","category-politik"],"_links":{"self":[{"href":"https:\/\/www.fuldaernachrichten.de\/index.php?rest_route=\/wp\/v2\/posts\/103684","targetHints":{"allow":["GET"]}}],"collection":[{"href":"https:\/\/www.fuldaernachrichten.de\/index.php?rest_route=\/wp\/v2\/posts"}],"about":[{"href":"https:\/\/www.fuldaernachrichten.de\/index.php?rest_route=\/wp\/v2\/types\/post"}],"author":[{"embeddable":true,"href":"https:\/\/www.fuldaernachrichten.de\/index.php?rest_route=\/wp\/v2\/users\/1"}],"replies":[{"embeddable":true,"href":"https:\/\/www.fuldaernachrichten.de\/index.php?rest_route=%2Fwp%2Fv2%2Fcomments&post=103684"}],"version-history":[{"count":1,"href":"https:\/\/www.fuldaernachrichten.de\/index.php?rest_route=\/wp\/v2\/posts\/103684\/revisions"}],"predecessor-version":[{"id":103685,"href":"https:\/\/www.fuldaernachrichten.de\/index.php?rest_route=\/wp\/v2\/posts\/103684\/revisions\/103685"}],"wp:attachment":[{"href":"https:\/\/www.fuldaernachrichten.de\/index.php?rest_route=%2Fwp%2Fv2%2Fmedia&parent=103684"}],"wp:term":[{"taxonomy":"category","embeddable":true,"href":"https:\/\/www.fuldaernachrichten.de\/index.php?rest_route=%2Fwp%2Fv2%2Fcategories&post=103684"},{"taxonomy":"post_tag","embeddable":true,"href":"https:\/\/www.fuldaernachrichten.de\/index.php?rest_route=%2Fwp%2Fv2%2Ftags&post=103684"}],"curies":[{"name":"wp","href":"https:\/\/api.w.org\/{rel}","templated":true}]}}