{"id":103680,"date":"2012-11-06T00:17:15","date_gmt":"2012-11-06T00:17:15","guid":{"rendered":"http:\/\/www.fuldaer-nachrichten.de\/?p=103680"},"modified":"2012-11-05T13:49:29","modified_gmt":"2012-11-05T13:49:29","slug":"zweiter-eichenzeller-gesundheitstag-am-10-november-ab-11-uhr-in-der-kulturscheune","status":"publish","type":"post","link":"https:\/\/www.fuldaernachrichten.de\/?p=103680","title":{"rendered":"Zweiter Eichenzeller Gesundheitstag am 10. November ab 11 Uhr in der Kulturscheune"},"content":{"rendered":"<p><img decoding=\"async\" class=\"alignleft size-thumbnail wp-image-103681\" title=\"Gesundheitstag DSC_0064\" src=\"http:\/\/www.fuldaer-nachrichten.de\/wp-content\/uploads\/2012\/11\/Gesundheitstag-DSC_0064-265x175.jpg\" alt=\"\" width=\"265\" height=\"175\" srcset=\"https:\/\/www.fuldaernachrichten.de\/wp-content\/uploads\/2012\/11\/Gesundheitstag-DSC_0064-265x175.jpg 265w, https:\/\/www.fuldaernachrichten.de\/wp-content\/uploads\/2012\/11\/Gesundheitstag-DSC_0064.jpg 600w\" sizes=\"(max-width: 265px) 100vw, 265px\" \/>Eichenzell. Die Angst nehmen vor Untersuchungen und Therapien sowie neue Wege der Gesundheitsf\u00f6rderung aufzeigen, das ist Ziel des Zweiten Eichenzeller Gesundheitstags, den die Selbsthilfegruppe Notbremse Fulda e.V. in Zusammenarbeit mit der Gemeinde Eichenzell am 10. November 2012 in der Kulturscheune Eichenzell veranstaltet. Bereits im vergangenen Jahr hatten sich zahlreiche Besucher bei der Auftaktveranstaltung rund um das Thema \u201eGesundheit\u201c informiert.<!--more--><\/p>\n<p>Eine Expertengruppe aus \u00c4rzten, Physiotherapeuten, Wissenschaftlern, Selbsthilfegruppen, Vereinen und Initiativen gibt ab 11.00 Uhr in der Kulturscheune\u00c2\u00a0 wertvolle Tipps und ber\u00e4t in zahlreichen Gesundheitsthemen. Zeitgleich zur Ausstellung finden interessante Fachvortr\u00e4ge zu Themen wie Burn out, Gesunder R\u00fccken oder Diabetes Mellitus in der benachbarten Neuland Stiftung statt.<\/p>\n<p>F\u00fcr die informative Kombination aus Fachvortr\u00e4gen und Ausstellungsst\u00e4nden konnten die Veranstalter \u00fcber 30 Aussteller und 8 Referenten gewinnen. Der Gesundheitszustand jedes einzelnen liegt nicht nur in den H\u00e4nden der \u00c4rzte. Viele Erkrankungen k\u00f6nnen durch regelm\u00e4\u00dfige Vorsorgeuntersuchungen oder eine ges\u00fcndere Lebensweise vermieden werden. Die Bereitschaft, einen ges\u00fcnderen Lebensstil zu entwickeln und Erkrankungen fr\u00fchzeitig behandeln zu lassen, soll an diesem Tag durch gezielte Aufkl\u00e4rung gef\u00f6rdert werden.<\/p>\n<p>Der Eintritt zum Gesundheitstag ist frei! Infos beim Verein Notbremse Fulda e.V. unter Tel. 0661\/ 20698059.<\/p>\n<p>&nbsp;<\/p>\n","protected":false},"excerpt":{"rendered":"<div class=\"tmnf_excerpt\"><p>Eichenzell. Die Angst nehmen vor Untersuchungen und Therapien sowie neue Wege der Gesundheitsf\u00f6rderung aufzeigen, das ist Ziel des Zweiten Eichenzeller Gesundheitstags, den die Selbsthilfegruppe Notbremse Fulda e.V. in Zusammenarbeit mit der Gemeinde Eichenzell am 10. November 2012 in der Kulturscheune Eichenzell veranstaltet. Bereits im vergangenen Jahr hatten sich zahlreiche Besucher bei der Auftaktveranstaltung rund um &hellip;<\/p>\n<\/div>","protected":false},"author":1,"featured_media":0,"comment_status":"closed","ping_status":"closed","sticky":false,"template":"","format":"standard","meta":{"footnotes":""},"categories":[1,51],"tags":[],"class_list":["post-103680","post","type-post","status-publish","format-standard","hentry","category-startseite","category-medizin"],"_links":{"self":[{"href":"https:\/\/www.fuldaernachrichten.de\/index.php?rest_route=\/wp\/v2\/posts\/103680","targetHints":{"allow":["GET"]}}],"collection":[{"href":"https:\/\/www.fuldaernachrichten.de\/index.php?rest_route=\/wp\/v2\/posts"}],"about":[{"href":"https:\/\/www.fuldaernachrichten.de\/index.php?rest_route=\/wp\/v2\/types\/post"}],"author":[{"embeddable":true,"href":"https:\/\/www.fuldaernachrichten.de\/index.php?rest_route=\/wp\/v2\/users\/1"}],"replies":[{"embeddable":true,"href":"https:\/\/www.fuldaernachrichten.de\/index.php?rest_route=%2Fwp%2Fv2%2Fcomments&post=103680"}],"version-history":[{"count":1,"href":"https:\/\/www.fuldaernachrichten.de\/index.php?rest_route=\/wp\/v2\/posts\/103680\/revisions"}],"predecessor-version":[{"id":103682,"href":"https:\/\/www.fuldaernachrichten.de\/index.php?rest_route=\/wp\/v2\/posts\/103680\/revisions\/103682"}],"wp:attachment":[{"href":"https:\/\/www.fuldaernachrichten.de\/index.php?rest_route=%2Fwp%2Fv2%2Fmedia&parent=103680"}],"wp:term":[{"taxonomy":"category","embeddable":true,"href":"https:\/\/www.fuldaernachrichten.de\/index.php?rest_route=%2Fwp%2Fv2%2Fcategories&post=103680"},{"taxonomy":"post_tag","embeddable":true,"href":"https:\/\/www.fuldaernachrichten.de\/index.php?rest_route=%2Fwp%2Fv2%2Ftags&post=103680"}],"curies":[{"name":"wp","href":"https:\/\/api.w.org\/{rel}","templated":true}]}}