{"id":103673,"date":"2012-11-06T00:14:14","date_gmt":"2012-11-06T00:14:14","guid":{"rendered":"http:\/\/www.fuldaer-nachrichten.de\/?p=103673"},"modified":"2012-11-05T13:39:56","modified_gmt":"2012-11-05T13:39:56","slug":"herbst-tanzabend-der-tanz-freunde-fulda-2","status":"publish","type":"post","link":"https:\/\/www.fuldaernachrichten.de\/?p=103673","title":{"rendered":"Herbst-Tanzabend der Tanz-Freunde Fulda"},"content":{"rendered":"<p><strong><img decoding=\"async\" class=\"alignleft size-thumbnail wp-image-103674\" title=\"DSC06902\" src=\"http:\/\/www.fuldaer-nachrichten.de\/wp-content\/uploads\/2012\/11\/DSC06902-265x176.jpg\" alt=\"\" width=\"265\" height=\"176\" srcset=\"https:\/\/www.fuldaernachrichten.de\/wp-content\/uploads\/2012\/11\/DSC06902-265x176.jpg 265w, https:\/\/www.fuldaernachrichten.de\/wp-content\/uploads\/2012\/11\/DSC06902.jpg 600w\" sizes=\"(max-width: 265px) 100vw, 265px\" \/>Fulda<\/strong> (brg) Ein voller Erfolg wurde der Tag der offenen T\u00fcr, der von den Tanz-Freunden Fulda in der Freiherr-vom-Stein-Schule im Rahmen eines Herbst-Tanzabends ausgerichtet wurde. Zahlreiche Zuschauer informierten sich \u00fcber das breitgef\u00e4cherte Angebot rund um den Tanzsport.\u00c2\u00a0 Die Tanz-Freunde hatten dazu ein abwechslungsreiches Programm zusammen gestellt, das allen Besuchern gerecht wurde.<!--more--><\/p>\n<p>Den ganzen Abend \u00fcber konnte man zu passender Musik selber tanzen, oder den verschiedenen Vorf\u00fchrungen zuschauen. Da pr\u00e4sentierten sich die Paare der Standard-Breitensport-Formation unter Leitung von Doris und Paul J\u00f6kel mit einer neuen, \u00fcberaus gelungenen Choreographie und stellten dabei eindrucksvoll unter Beweis, was mit Trainingsflei\u00df alles zu erreichen ist. Dass man auch mit weniger Schrittfolgen eine gro\u00dfe Wirkung erzielen kann, demonstrierten\u00c2\u00a0 acht Paare aus unterschiedlichen \u00dcbungsgruppen, von Anf\u00e4ngern bis zu Fortgeschrittenen, mit einem Cha-Cha-Mixer, bei dem immer vier T\u00e4nzer die Partner beim Tanzen tauschten.<\/p>\n<p>Ob jung, oder jung geblieben &#8211; die G\u00e4ste genossen das abwechslungsreiche Programm und nahmen die Einladung zum Mitmachen gerne an. Unter Anleitung des Trainers Dirk Andr\u00e4 und seiner Frau Annette, erlernten die begeisterten Tanzpaare neue Figuren f\u00fcr den Disco-Fox. Und\u00c2\u00a0 das Langsamer Walzer ein Schwungtanz ist, bewies Utz Krebel, Trainer und 1. Vorsitzender der Tanz-Freunde Fulda seinem \u00fcberaus motiviertem Publikum und gab viele Tipps, wie man seinen eigenen Tanzstil vielleicht noch etwas verbessern kann.<\/p>\n<p>Das breite Spektrum des Vereins rundeten letztendlich die Standard-Turnierpaar der Tanz-Freunde Dirk und Annette Andr\u00e4 (Senioren II S) und Rainer und Christa Br\u00fchl (Senioren II C) ab. Beide Paare begeisterten mit ihrer hervorragenden t\u00e4nzerischen Darbietung in glamour\u00f6ser Turnierkleidung das Publikum.<\/p>\n<p>Dank der guten Organisation und der bereitwilligen Mithilfe vieler Mitglieder des Vereins k\u00f6nnen die Tanz-Freunde Fulda auf einen \u00fcberaus gelungenen Herbst-Tanzabend zur\u00fcckschauen. (Andrea Burggraf)<\/p>\n<p>&nbsp;<\/p>\n<p align=\"right\">\n<p>&nbsp;<\/p>\n","protected":false},"excerpt":{"rendered":"<div class=\"tmnf_excerpt\"><p>Fulda (brg) Ein voller Erfolg wurde der Tag der offenen T\u00fcr, der von den Tanz-Freunden Fulda in der Freiherr-vom-Stein-Schule im Rahmen eines Herbst-Tanzabends ausgerichtet wurde. Zahlreiche Zuschauer informierten sich \u00fcber das breitgef\u00e4cherte Angebot rund um den Tanzsport.\u00c2\u00a0 Die Tanz-Freunde hatten dazu ein abwechslungsreiches Programm zusammen gestellt, das allen Besuchern gerecht wurde.<\/p>\n<\/div>","protected":false},"author":1,"featured_media":0,"comment_status":"closed","ping_status":"closed","sticky":false,"template":"","format":"standard","meta":{"footnotes":""},"categories":[1],"tags":[],"class_list":["post-103673","post","type-post","status-publish","format-standard","hentry","category-startseite"],"_links":{"self":[{"href":"https:\/\/www.fuldaernachrichten.de\/index.php?rest_route=\/wp\/v2\/posts\/103673","targetHints":{"allow":["GET"]}}],"collection":[{"href":"https:\/\/www.fuldaernachrichten.de\/index.php?rest_route=\/wp\/v2\/posts"}],"about":[{"href":"https:\/\/www.fuldaernachrichten.de\/index.php?rest_route=\/wp\/v2\/types\/post"}],"author":[{"embeddable":true,"href":"https:\/\/www.fuldaernachrichten.de\/index.php?rest_route=\/wp\/v2\/users\/1"}],"replies":[{"embeddable":true,"href":"https:\/\/www.fuldaernachrichten.de\/index.php?rest_route=%2Fwp%2Fv2%2Fcomments&post=103673"}],"version-history":[{"count":0,"href":"https:\/\/www.fuldaernachrichten.de\/index.php?rest_route=\/wp\/v2\/posts\/103673\/revisions"}],"wp:attachment":[{"href":"https:\/\/www.fuldaernachrichten.de\/index.php?rest_route=%2Fwp%2Fv2%2Fmedia&parent=103673"}],"wp:term":[{"taxonomy":"category","embeddable":true,"href":"https:\/\/www.fuldaernachrichten.de\/index.php?rest_route=%2Fwp%2Fv2%2Fcategories&post=103673"},{"taxonomy":"post_tag","embeddable":true,"href":"https:\/\/www.fuldaernachrichten.de\/index.php?rest_route=%2Fwp%2Fv2%2Ftags&post=103673"}],"curies":[{"name":"wp","href":"https:\/\/api.w.org\/{rel}","templated":true}]}}