{"id":103668,"date":"2012-11-05T00:12:07","date_gmt":"2012-11-05T00:12:07","guid":{"rendered":"http:\/\/www.fuldaer-nachrichten.de\/?p=103668"},"modified":"2012-11-05T08:28:36","modified_gmt":"2012-11-05T08:28:36","slug":"arztliche-fortbildung-update-mammakarzinom-2012","status":"publish","type":"post","link":"https:\/\/www.fuldaernachrichten.de\/?p=103668","title":{"rendered":"\u00c4rztliche Fortbildung: Update Mammakarzinom 2012"},"content":{"rendered":"<p>Fulda. Am 14.11.2012 veranstaltet die Tumorklinik des Klinikums Fulda im H\u00f6rsaal von 17.00 \u2013 20.30 Uhr eine onkologische Fortbildungsveranstaltung. Hierzu laden Prof. Dr. Heinz-Gert H\u00f6ffkes (Direktor der Tumorklinik), die leitende Ober\u00e4rztin Dr. Andrea Distelrath und Priv.-Doz. Dr. Thomas Hawighorst (Gesch\u00e4ftsf\u00fchrender Direktor und Chefarzt der Frauenklinik) alle interessierten \u00e4rztlichen Kollegen herzlich ein.<!--more--><\/p>\n<p>Im Rahmen dieser \u00e4rztlichen Fortbildung wird \u00fcber aktuelle Therapiekonzepte beim Mammakarzinom berichtet. Aufgrund \u00fcberzeugender Studiendaten haben sich sowohl neue Indikationen und Zulassungen in der systemischen als auch zielgerichteten Therapie ergeben. Dr. Oleg Gluz (M\u00f6nchengladbach) referiert \u00fcber Entscheidungshilfen f\u00fcr bzw. gegen eine Chemotherapie. Neben den \u201eklassischen\u201c Kriterien, wie z.B. Tumorgr\u00f6\u00dfe, und Hormonrezeptoren ist die Untersuchung der genetischen Eigenschaften des Mammatumors \u2013 seine \u201eGensignatur\u201c &#8211; ein Kriterium zur Entscheidung f\u00fcr oder gegen eine Chemotherapie.<\/p>\n<p>Die Festlegung des Lymphknotenstatus gilt weiterhin als integraler Bestandteil f\u00fcr die operative Prim\u00e4rtherapie des Mammakarzinoms. Ebenso ist er ein wichtiger Prognoseparameter, der die adjuvante Therapieentscheidung erheblich beeinflusst. Dr. Alexander Dengler (Chefarzt der Gyn\u00e4kologie am Herz-Jesu-Krankenhaus, Fulda) informiert dar\u00fcber, in welcher Situation eine Lymphknotenentfernung der Achselh\u00f6hle mit all ihren Konsequenzen heutzutage noch sinnvoll ist.<\/p>\n<p>Die Zertifizierung der Fortbildung ist bei der Landes\u00e4rztekammer Hessen angemeldet. Weitere Informationen unter der Telefon-Nummer: (0661) 84-5481.<\/p>\n","protected":false},"excerpt":{"rendered":"<div class=\"tmnf_excerpt\"><p>Fulda. Am 14.11.2012 veranstaltet die Tumorklinik des Klinikums Fulda im H\u00f6rsaal von 17.00 \u2013 20.30 Uhr eine onkologische Fortbildungsveranstaltung. Hierzu laden Prof. Dr. Heinz-Gert H\u00f6ffkes (Direktor der Tumorklinik), die leitende Ober\u00e4rztin Dr. Andrea Distelrath und Priv.-Doz. Dr. Thomas Hawighorst (Gesch\u00e4ftsf\u00fchrender Direktor und Chefarzt der Frauenklinik) alle interessierten \u00e4rztlichen Kollegen herzlich ein.<\/p>\n<\/div>","protected":false},"author":1,"featured_media":0,"comment_status":"closed","ping_status":"closed","sticky":false,"template":"","format":"standard","meta":{"footnotes":""},"categories":[1,51],"tags":[],"class_list":["post-103668","post","type-post","status-publish","format-standard","hentry","category-startseite","category-medizin"],"_links":{"self":[{"href":"https:\/\/www.fuldaernachrichten.de\/index.php?rest_route=\/wp\/v2\/posts\/103668","targetHints":{"allow":["GET"]}}],"collection":[{"href":"https:\/\/www.fuldaernachrichten.de\/index.php?rest_route=\/wp\/v2\/posts"}],"about":[{"href":"https:\/\/www.fuldaernachrichten.de\/index.php?rest_route=\/wp\/v2\/types\/post"}],"author":[{"embeddable":true,"href":"https:\/\/www.fuldaernachrichten.de\/index.php?rest_route=\/wp\/v2\/users\/1"}],"replies":[{"embeddable":true,"href":"https:\/\/www.fuldaernachrichten.de\/index.php?rest_route=%2Fwp%2Fv2%2Fcomments&post=103668"}],"version-history":[{"count":1,"href":"https:\/\/www.fuldaernachrichten.de\/index.php?rest_route=\/wp\/v2\/posts\/103668\/revisions"}],"predecessor-version":[{"id":103669,"href":"https:\/\/www.fuldaernachrichten.de\/index.php?rest_route=\/wp\/v2\/posts\/103668\/revisions\/103669"}],"wp:attachment":[{"href":"https:\/\/www.fuldaernachrichten.de\/index.php?rest_route=%2Fwp%2Fv2%2Fmedia&parent=103668"}],"wp:term":[{"taxonomy":"category","embeddable":true,"href":"https:\/\/www.fuldaernachrichten.de\/index.php?rest_route=%2Fwp%2Fv2%2Fcategories&post=103668"},{"taxonomy":"post_tag","embeddable":true,"href":"https:\/\/www.fuldaernachrichten.de\/index.php?rest_route=%2Fwp%2Fv2%2Ftags&post=103668"}],"curies":[{"name":"wp","href":"https:\/\/api.w.org\/{rel}","templated":true}]}}