{"id":103667,"date":"2012-11-05T00:10:57","date_gmt":"2012-11-05T00:10:57","guid":{"rendered":"http:\/\/www.fuldaer-nachrichten.de\/?p=103667"},"modified":"2012-11-05T08:26:52","modified_gmt":"2012-11-05T08:26:52","slug":"kinderkino-mehr-wieder-auf-tournee-6","status":"publish","type":"post","link":"https:\/\/www.fuldaernachrichten.de\/?p=103667","title":{"rendered":"\u201eKinderKino + mehr\u201c wieder auf Tournee"},"content":{"rendered":"<p>Fulda (cp). Das medienp\u00e4dagogische Angebot \u201eKinderKino + mehr\u201c des Jugendbildungswerkes der Stadt Fulda geht im kommenden Winterhalbjahr ab dem heutigen Montag, den 5. November wieder auf Tournee durch ausgew\u00e4hlte Stadtgebiete und Stadtteile. In diesem Monat steht ein spannender Zeichentrickfilm mit dem afrikanischen Jungen \u201eKiriku\u201c auf dem Programm. Gerade erst geboren, muss er sein Dorf vom Fluch der b\u00f6sen Zauberin \u201eKaraba\u201c befreien. Die M\u00e4nner wurden von ihr geraubt, das Gold musste abgegeben werden und so muss sich der kleine Junge in spannende Abenteuer st\u00fcrzen und erlebt fabelhafte Abenteuer zwischen Gut und B\u00f6se und was so alles dazwischen liegt. Im letzten Jahr wurde schon ein Film mit Kiriku gezeigt, hier sieht man weitere Abenteuer des kleinen Jungen.<!--more--><br \/>\nNach der Vorf\u00fchrung (f\u00fcr Kinder ab 6 Jahren) gibt es angeleitete Aktivit\u00e4ten rund um den Film. Die Kinder k\u00f6nnen bei Bastel- und Spielaktionen selbst aktiv und kreativ werden, um sich auf ihre Weise mit dem Gesehenen auseinander zu setzen. Eltern m\u00fcssen beim KinderKino drau\u00dfen bleiben.<\/p>\n<p><strong>Das mobile Kinderkino ist zu Gast:<\/strong><br \/>\nMontag, 05.11.2012 &#8211; Astrid-Lindgren-Schule, Fulda Galerie<br \/>\nDienstag, 06.11.2012 &#8211; Grundschule in Haimbach<br \/>\nMittwoch, 07.11.2012 &#8211; B\u00fcrgerhaus Edelzell<br \/>\nDonnerstag, 08.11.2012 &#8211; Cuno-Raabe-Schule, Ostend<br \/>\nFreitag, 09.11.2012 &#8211; Pfarrgemeinde St. Joseph im Nordend<br \/>\nMontag, 12.11.2012 &#8211; B\u00fcrgerhaus Grillenburg in Lehnerz<br \/>\nDienstag, 13.11.2012 &#8211; Sturmiusschule in Kohlhaus<br \/>\nMittwoch, 14.11.2012 &#8211; B\u00fcrgerhaus Johannesberg<\/p>\n<p>Veranstaltungszeitraum ist jeweils von 15.00 bis 18.00 Uhr, der Einlass (Unkostenbeitrag 1,50 \u00e2\u201a\u00ac) beginnt um 14.45 Uhr. Genauere Informationen erteilt Ingmar S\u00fc\u00df unter Tel. 0661\/102-1980.<\/p>\n","protected":false},"excerpt":{"rendered":"<div class=\"tmnf_excerpt\"><p>Fulda (cp). Das medienp\u00e4dagogische Angebot \u201eKinderKino + mehr\u201c des Jugendbildungswerkes der Stadt Fulda geht im kommenden Winterhalbjahr ab dem heutigen Montag, den 5. November wieder auf Tournee durch ausgew\u00e4hlte Stadtgebiete und Stadtteile. In diesem Monat steht ein spannender Zeichentrickfilm mit dem afrikanischen Jungen \u201eKiriku\u201c auf dem Programm. Gerade erst geboren, muss er sein Dorf vom &hellip;<\/p>\n<\/div>","protected":false},"author":1,"featured_media":0,"comment_status":"closed","ping_status":"closed","sticky":false,"template":"","format":"standard","meta":{"footnotes":""},"categories":[1,53],"tags":[],"class_list":["post-103667","post","type-post","status-publish","format-standard","hentry","category-startseite","category-bildung"],"_links":{"self":[{"href":"https:\/\/www.fuldaernachrichten.de\/index.php?rest_route=\/wp\/v2\/posts\/103667","targetHints":{"allow":["GET"]}}],"collection":[{"href":"https:\/\/www.fuldaernachrichten.de\/index.php?rest_route=\/wp\/v2\/posts"}],"about":[{"href":"https:\/\/www.fuldaernachrichten.de\/index.php?rest_route=\/wp\/v2\/types\/post"}],"author":[{"embeddable":true,"href":"https:\/\/www.fuldaernachrichten.de\/index.php?rest_route=\/wp\/v2\/users\/1"}],"replies":[{"embeddable":true,"href":"https:\/\/www.fuldaernachrichten.de\/index.php?rest_route=%2Fwp%2Fv2%2Fcomments&post=103667"}],"version-history":[{"count":0,"href":"https:\/\/www.fuldaernachrichten.de\/index.php?rest_route=\/wp\/v2\/posts\/103667\/revisions"}],"wp:attachment":[{"href":"https:\/\/www.fuldaernachrichten.de\/index.php?rest_route=%2Fwp%2Fv2%2Fmedia&parent=103667"}],"wp:term":[{"taxonomy":"category","embeddable":true,"href":"https:\/\/www.fuldaernachrichten.de\/index.php?rest_route=%2Fwp%2Fv2%2Fcategories&post=103667"},{"taxonomy":"post_tag","embeddable":true,"href":"https:\/\/www.fuldaernachrichten.de\/index.php?rest_route=%2Fwp%2Fv2%2Ftags&post=103667"}],"curies":[{"name":"wp","href":"https:\/\/api.w.org\/{rel}","templated":true}]}}