{"id":103665,"date":"2012-11-05T00:12:28","date_gmt":"2012-11-05T00:12:28","guid":{"rendered":"http:\/\/www.fuldaer-nachrichten.de\/?p=103665"},"modified":"2012-11-05T08:24:27","modified_gmt":"2012-11-05T08:24:27","slug":"rucken-plus-kursreihe-in-fulda-startet-am-13-november","status":"publish","type":"post","link":"https:\/\/www.fuldaernachrichten.de\/?p=103665","title":{"rendered":"&#8220;R\u00fccken plus&#8221;- Kursreihe in Fulda startet am 13. November"},"content":{"rendered":"<p>Fulda. Etwa jeder vierte Hesse leidet \u00f6fter oder gar st\u00e4ndig unter R\u00fcckenproblemen. Das ergab eine Forsa-Umfrage im Auftrag der Techniker Krankenkasse (TK): Um den Schmerzen vorzubeugen, bietet die TK ab 13. November die Seminarreihe &#8220;R\u00fccken plus&#8221; im Medizinischen Trainingszentrum (Edelzeller Stra\u00dfe 51) in Fulda an. Unter Anleitung des Physiotherapeuten Dirk Niestroy lernen die Teilnehmer ihren R\u00fccken intensiv kennen: Was tut ihm gut, was mag er gar nicht und welche \u00dcbungen helfen ihm, in Form zu bleiben? Im Zentrum der Kurse stehen \u00dcbungen an Fitnessger\u00e4ten. Die Seminare richten sich an Personen, die noch keine ernsten R\u00fcckenprobleme haben. Vorerfahrungen mit Fitnessger\u00e4ten sind nicht erforderlich. Insgesamt umfasst die Seminarreihe zehn Kurseinheiten \u00c3\u00a0 90 Minuten. Die Kurse finden jeweils dienstags von 17.30 Uhr bis 19 Uhr statt. F\u00fcr TK-Versicherte kostet die Teilnahme 22 Euro. Nichtmitglieder zahlen 110 Euro, k\u00f6nnen sich aber mit der Anmeldebest\u00e4tigung einen Teil der Kosten bei ihrer Krankenkasse erstatten lassen. Anmeldungen nimmt das Medizinische Trainingszentrum unter Telefon 0661-9019900 entgegen.<\/p>\n","protected":false},"excerpt":{"rendered":"<div class=\"tmnf_excerpt\"><p>Fulda. Etwa jeder vierte Hesse leidet \u00f6fter oder gar st\u00e4ndig unter R\u00fcckenproblemen. Das ergab eine Forsa-Umfrage im Auftrag der Techniker Krankenkasse (TK): Um den Schmerzen vorzubeugen, bietet die TK ab 13. November die Seminarreihe &#8220;R\u00fccken plus&#8221; im Medizinischen Trainingszentrum (Edelzeller Stra\u00dfe 51) in Fulda an. Unter Anleitung des Physiotherapeuten Dirk Niestroy lernen die Teilnehmer ihren &hellip;<\/p>\n<\/div>","protected":false},"author":1,"featured_media":0,"comment_status":"closed","ping_status":"closed","sticky":false,"template":"","format":"standard","meta":{"footnotes":""},"categories":[1,51],"tags":[],"class_list":["post-103665","post","type-post","status-publish","format-standard","hentry","category-startseite","category-medizin"],"_links":{"self":[{"href":"https:\/\/www.fuldaernachrichten.de\/index.php?rest_route=\/wp\/v2\/posts\/103665","targetHints":{"allow":["GET"]}}],"collection":[{"href":"https:\/\/www.fuldaernachrichten.de\/index.php?rest_route=\/wp\/v2\/posts"}],"about":[{"href":"https:\/\/www.fuldaernachrichten.de\/index.php?rest_route=\/wp\/v2\/types\/post"}],"author":[{"embeddable":true,"href":"https:\/\/www.fuldaernachrichten.de\/index.php?rest_route=\/wp\/v2\/users\/1"}],"replies":[{"embeddable":true,"href":"https:\/\/www.fuldaernachrichten.de\/index.php?rest_route=%2Fwp%2Fv2%2Fcomments&post=103665"}],"version-history":[{"count":0,"href":"https:\/\/www.fuldaernachrichten.de\/index.php?rest_route=\/wp\/v2\/posts\/103665\/revisions"}],"wp:attachment":[{"href":"https:\/\/www.fuldaernachrichten.de\/index.php?rest_route=%2Fwp%2Fv2%2Fmedia&parent=103665"}],"wp:term":[{"taxonomy":"category","embeddable":true,"href":"https:\/\/www.fuldaernachrichten.de\/index.php?rest_route=%2Fwp%2Fv2%2Fcategories&post=103665"},{"taxonomy":"post_tag","embeddable":true,"href":"https:\/\/www.fuldaernachrichten.de\/index.php?rest_route=%2Fwp%2Fv2%2Ftags&post=103665"}],"curies":[{"name":"wp","href":"https:\/\/api.w.org\/{rel}","templated":true}]}}