{"id":103656,"date":"2012-11-05T00:10:20","date_gmt":"2012-11-05T00:10:20","guid":{"rendered":"http:\/\/www.fuldaer-nachrichten.de\/?p=103656"},"modified":"2012-11-05T08:16:10","modified_gmt":"2012-11-05T08:16:10","slug":"1-1-5-gemeinsam-geht-mehr-kooperationen-fur-die-vereinbarkeit-von-beruf-und-familie","status":"publish","type":"post","link":"https:\/\/www.fuldaernachrichten.de\/?p=103656","title":{"rendered":"1 + 1 = 5 &#8211; Gemeinsam geht mehr &#8211; Kooperationen f\u00fcr die Vereinbarkeit von Beruf und Familie"},"content":{"rendered":"<p>Frankfurt. Wie bringt man Unternehmen, Politik und Kommunen an einen Tisch, um gemeinsam mehr f\u00fcr die Vereinbarkeit von Beruf und Familie zu erreichen? Unter dem Titel \u201e1 + 1 = 5 \u2013 Gemeinsam geht mehr\u201c laden das IHK-Forum Rhein-Main und das Demografienetzwerk FrankfurtRheinMain f\u00fcr Dienstag, 6. November, dazu ein, sich \u00fcber M\u00f6glichkeiten der Zusammenarbeit zu informieren, um ein gemeinsames Ziel zu verfolgen: dem Fachkr\u00e4ftemangel vorzubeugen und Familien zu st\u00e4rken. Die Veranstaltung im Haus am Dom, Domplatz 3, Frankfurt, dauert von 9 bis 15 Uhr. <!--more--><br \/>\nDabei werden Beispiele vorgestellt, wie Unternehmen und Kommunen in den Bereichen Pflege und Kinderbetreuung erfolgreich zusammenarbeiten. Oder wie Wissenschaft und Wirtschaft gemeinsam aktiv werden, um Fachkr\u00e4fte zu sichern. In verschiedenen Foren und einem Speed-Dating gibt es die M\u00f6glichkeit, sich auszutauschen und Kontakte zu kn\u00fcpfen. Die Teilnahme ist kostenfrei. Ansprechpartnerin ist Illona Frei beim IHK-Forum Rhein-Main, Telefon 06181 9290-8121, i.frei@hanau.ihk.de.<\/p>\n","protected":false},"excerpt":{"rendered":"<div class=\"tmnf_excerpt\"><p>Frankfurt. Wie bringt man Unternehmen, Politik und Kommunen an einen Tisch, um gemeinsam mehr f\u00fcr die Vereinbarkeit von Beruf und Familie zu erreichen? Unter dem Titel \u201e1 + 1 = 5 \u2013 Gemeinsam geht mehr\u201c laden das IHK-Forum Rhein-Main und das Demografienetzwerk FrankfurtRheinMain f\u00fcr Dienstag, 6. November, dazu ein, sich \u00fcber M\u00f6glichkeiten der Zusammenarbeit zu &hellip;<\/p>\n<\/div>","protected":false},"author":1,"featured_media":0,"comment_status":"closed","ping_status":"closed","sticky":false,"template":"","format":"standard","meta":{"footnotes":""},"categories":[1,29],"tags":[],"class_list":["post-103656","post","type-post","status-publish","format-standard","hentry","category-startseite","category-politik"],"_links":{"self":[{"href":"https:\/\/www.fuldaernachrichten.de\/index.php?rest_route=\/wp\/v2\/posts\/103656","targetHints":{"allow":["GET"]}}],"collection":[{"href":"https:\/\/www.fuldaernachrichten.de\/index.php?rest_route=\/wp\/v2\/posts"}],"about":[{"href":"https:\/\/www.fuldaernachrichten.de\/index.php?rest_route=\/wp\/v2\/types\/post"}],"author":[{"embeddable":true,"href":"https:\/\/www.fuldaernachrichten.de\/index.php?rest_route=\/wp\/v2\/users\/1"}],"replies":[{"embeddable":true,"href":"https:\/\/www.fuldaernachrichten.de\/index.php?rest_route=%2Fwp%2Fv2%2Fcomments&post=103656"}],"version-history":[{"count":0,"href":"https:\/\/www.fuldaernachrichten.de\/index.php?rest_route=\/wp\/v2\/posts\/103656\/revisions"}],"wp:attachment":[{"href":"https:\/\/www.fuldaernachrichten.de\/index.php?rest_route=%2Fwp%2Fv2%2Fmedia&parent=103656"}],"wp:term":[{"taxonomy":"category","embeddable":true,"href":"https:\/\/www.fuldaernachrichten.de\/index.php?rest_route=%2Fwp%2Fv2%2Fcategories&post=103656"},{"taxonomy":"post_tag","embeddable":true,"href":"https:\/\/www.fuldaernachrichten.de\/index.php?rest_route=%2Fwp%2Fv2%2Ftags&post=103656"}],"curies":[{"name":"wp","href":"https:\/\/api.w.org\/{rel}","templated":true}]}}