{"id":103650,"date":"2012-11-05T00:13:40","date_gmt":"2012-11-05T00:13:40","guid":{"rendered":"http:\/\/www.fuldaer-nachrichten.de\/?p=103650"},"modified":"2012-11-05T08:11:34","modified_gmt":"2012-11-05T08:11:34","slug":"kinder-medien-bildung-offentliche-vortrage-am-9-november","status":"publish","type":"post","link":"https:\/\/www.fuldaernachrichten.de\/?p=103650","title":{"rendered":"Kinder-Medien-Bildung: \u00d6ffentliche Vortr\u00e4ge am 9. November"},"content":{"rendered":"<p>Fulda. iPad im Klassenzimmer? Um Kindermedien und ihre Rolle in der Bildung geht es bei zwei Vortr\u00e4gen am 9. November von 18.00 bis 20.00 Uhr im Hochschulzentrum Fulda Transfer, Heinrich-von-Bibra-Platz 1b. Prof. Dr. Manfred Nagl (Hochschule der Medien Stuttgart) streift in seinem Vortrag durch die Geschichte der Kindermedien und ihrer Wahrnehmung in der \u00d6ffentlichkeit. Denn manche Probleme ver\u00e4ndern sich \u00fcber die Zeit erstaunlicherweise nicht: Die Angst der Erwachsenen vor dem Kontrollverlust \u00fcber die Mediennutzung ihrer Kinder und das Konkurrenzverh\u00e4ltnis von Unterhaltung und Wissensvermittlung.<!--more--><\/p>\n<p>Spielen oder Lernen? Prof. Dr. Heidi Schelhowe (Universit\u00e4t Bremen) geht es in ihrem Vortrag um die Verantwortung der Informatik f\u00fcr gute Bildungssoftware. Oft gleichen die Software-Anwendungen eher einem Training als Bildung. Anbieter von \u201eSerious Games\u201c werben damit, dass Menschen beim Spielen g\u00e4nzlich vergessen, dass sie eigentlich etwas lernen wollten. Beide Varianten hinterfragt Schelhowe. Sie zeigt einen dritten Weg, wie die Informatik ihrer Verantwortung f\u00fcr Bildung gerecht werden kann. Anwendungen, die den Menschen nicht das Denken abnehmen, sondern zum Nachdenken anregen.<\/p>\n<p>Die \u00f6ffentlichen Vortr\u00e4ge sind Teil der gemeinsamen Jahrestagung der \u201eFreunde des Fachbereichs Angewandte Informatik der Hochschule Fulda e.V.\u201c (FAI) und des \u201eForums InformatikerInnen f\u00fcr Frieden und gesellschaftliche Verantwortung e.V.\u201c (FIfF), die unter dem Titel\u201cDigitalisierte Gesellschaft \u2013 Wege und Irrwege\u201c steht.<\/p>\n<p>Der Eintritt ist frei. Da die Pl\u00e4tze begrenzt sind, wird um Anmeldung unter <a href=\"http:\/\/www.hs-fulda.de\/kinder-medien-bildung\" target=\"_blank\">www.hs-fulda.de\/kinder-medien-bildung<\/a> gebeten.<\/p>\n","protected":false},"excerpt":{"rendered":"<div class=\"tmnf_excerpt\"><p>Fulda. iPad im Klassenzimmer? Um Kindermedien und ihre Rolle in der Bildung geht es bei zwei Vortr\u00e4gen am 9. November von 18.00 bis 20.00 Uhr im Hochschulzentrum Fulda Transfer, Heinrich-von-Bibra-Platz 1b. Prof. Dr. Manfred Nagl (Hochschule der Medien Stuttgart) streift in seinem Vortrag durch die Geschichte der Kindermedien und ihrer Wahrnehmung in der \u00d6ffentlichkeit. Denn &hellip;<\/p>\n<\/div>","protected":false},"author":1,"featured_media":0,"comment_status":"closed","ping_status":"closed","sticky":false,"template":"","format":"standard","meta":{"footnotes":""},"categories":[1,48],"tags":[],"class_list":["post-103650","post","type-post","status-publish","format-standard","hentry","category-startseite","category-forschung"],"_links":{"self":[{"href":"https:\/\/www.fuldaernachrichten.de\/index.php?rest_route=\/wp\/v2\/posts\/103650","targetHints":{"allow":["GET"]}}],"collection":[{"href":"https:\/\/www.fuldaernachrichten.de\/index.php?rest_route=\/wp\/v2\/posts"}],"about":[{"href":"https:\/\/www.fuldaernachrichten.de\/index.php?rest_route=\/wp\/v2\/types\/post"}],"author":[{"embeddable":true,"href":"https:\/\/www.fuldaernachrichten.de\/index.php?rest_route=\/wp\/v2\/users\/1"}],"replies":[{"embeddable":true,"href":"https:\/\/www.fuldaernachrichten.de\/index.php?rest_route=%2Fwp%2Fv2%2Fcomments&post=103650"}],"version-history":[{"count":0,"href":"https:\/\/www.fuldaernachrichten.de\/index.php?rest_route=\/wp\/v2\/posts\/103650\/revisions"}],"wp:attachment":[{"href":"https:\/\/www.fuldaernachrichten.de\/index.php?rest_route=%2Fwp%2Fv2%2Fmedia&parent=103650"}],"wp:term":[{"taxonomy":"category","embeddable":true,"href":"https:\/\/www.fuldaernachrichten.de\/index.php?rest_route=%2Fwp%2Fv2%2Fcategories&post=103650"},{"taxonomy":"post_tag","embeddable":true,"href":"https:\/\/www.fuldaernachrichten.de\/index.php?rest_route=%2Fwp%2Fv2%2Ftags&post=103650"}],"curies":[{"name":"wp","href":"https:\/\/api.w.org\/{rel}","templated":true}]}}