{"id":103649,"date":"2012-11-06T00:10:51","date_gmt":"2012-11-06T00:10:51","guid":{"rendered":"http:\/\/www.fuldaer-nachrichten.de\/?p=103649"},"modified":"2012-11-05T08:10:27","modified_gmt":"2012-11-05T08:10:27","slug":"englisch-fur-realschulabschluss-vorbereitungskurs-der-vhs-des-landkreises-fulda-fur-abschlussprufung","status":"publish","type":"post","link":"https:\/\/www.fuldaernachrichten.de\/?p=103649","title":{"rendered":"Englisch f\u00fcr Realschulabschluss &#8211; Vorbereitungskurs der vhs des Landkreises Fulda f\u00fcr Abschlusspr\u00fcfung"},"content":{"rendered":"<p>Fulda. Ein Kurs der Volkshochschule des Landkreises Fulda bereitet Sch\u00fclerinnen und Sch\u00fcler der 10. Klasse auf den bevorstehenden Realschulabschluss vor, in dem die Grammatik wiederholt und gefestigt sowie Textarbeit und H\u00f6rverst\u00e4ndnis ge\u00fcbt werden. Das Angebot der vhs unter der Leitung von Ulrike G\u00fcnkel-Kohl beginnt am Mittwoch, 7. November, um 15.15 Uhr im Georg-Stieler-Haus in Fulda, Gallasiniring 1. Information und Anmeldung bei der vhs-Gesch\u00e4ftsstelle, Gallasiniring 30, 36043 Fulda, Telefon (0661)25199-0, oder unter <a href=\"http:\/\/www.vhs-fulda.de\">www.vhs-fulda.de<\/a>.<\/p>\n<p>&nbsp;<\/p>\n","protected":false},"excerpt":{"rendered":"<div class=\"tmnf_excerpt\"><p>Fulda. Ein Kurs der Volkshochschule des Landkreises Fulda bereitet Sch\u00fclerinnen und Sch\u00fcler der 10. Klasse auf den bevorstehenden Realschulabschluss vor, in dem die Grammatik wiederholt und gefestigt sowie Textarbeit und H\u00f6rverst\u00e4ndnis ge\u00fcbt werden. Das Angebot der vhs unter der Leitung von Ulrike G\u00fcnkel-Kohl beginnt am Mittwoch, 7. November, um 15.15 Uhr im Georg-Stieler-Haus in Fulda, &hellip;<\/p>\n<\/div>","protected":false},"author":1,"featured_media":0,"comment_status":"closed","ping_status":"closed","sticky":false,"template":"","format":"standard","meta":{"footnotes":""},"categories":[1,53],"tags":[],"class_list":["post-103649","post","type-post","status-publish","format-standard","hentry","category-startseite","category-bildung"],"_links":{"self":[{"href":"https:\/\/www.fuldaernachrichten.de\/index.php?rest_route=\/wp\/v2\/posts\/103649","targetHints":{"allow":["GET"]}}],"collection":[{"href":"https:\/\/www.fuldaernachrichten.de\/index.php?rest_route=\/wp\/v2\/posts"}],"about":[{"href":"https:\/\/www.fuldaernachrichten.de\/index.php?rest_route=\/wp\/v2\/types\/post"}],"author":[{"embeddable":true,"href":"https:\/\/www.fuldaernachrichten.de\/index.php?rest_route=\/wp\/v2\/users\/1"}],"replies":[{"embeddable":true,"href":"https:\/\/www.fuldaernachrichten.de\/index.php?rest_route=%2Fwp%2Fv2%2Fcomments&post=103649"}],"version-history":[{"count":0,"href":"https:\/\/www.fuldaernachrichten.de\/index.php?rest_route=\/wp\/v2\/posts\/103649\/revisions"}],"wp:attachment":[{"href":"https:\/\/www.fuldaernachrichten.de\/index.php?rest_route=%2Fwp%2Fv2%2Fmedia&parent=103649"}],"wp:term":[{"taxonomy":"category","embeddable":true,"href":"https:\/\/www.fuldaernachrichten.de\/index.php?rest_route=%2Fwp%2Fv2%2Fcategories&post=103649"},{"taxonomy":"post_tag","embeddable":true,"href":"https:\/\/www.fuldaernachrichten.de\/index.php?rest_route=%2Fwp%2Fv2%2Ftags&post=103649"}],"curies":[{"name":"wp","href":"https:\/\/api.w.org\/{rel}","templated":true}]}}